{"id":28837,"date":"2024-04-08T10:30:31","date_gmt":"2024-04-08T10:30:31","guid":{"rendered":"https:\/\/themeravigliamagazine.com\/dal-quadro-al-piatto\/"},"modified":"2024-07-17T11:22:03","modified_gmt":"2024-07-17T11:22:03","slug":"de-la-peinture-a-lassiette","status":"publish","type":"post","link":"https:\/\/themeravigliamagazine.com\/fr\/de-la-peinture-a-lassiette\/","title":{"rendered":"DE LA PEINTURE \u00c0 L&rsquo;ASSIETTE"},"content":{"rendered":"\t\t<div data-elementor-type=\"wp-post\" data-elementor-id=\"28837\" class=\"elementor elementor-28837\">\n\t\t\t\t\t\t<section class=\"elementor-section elementor-top-section elementor-element elementor-element-ab7c03b section-single-article elementor-section-boxed elementor-section-height-default elementor-section-height-default qodef-elementor-content-no\" data-id=\"ab7c03b\" data-element_type=\"section\">\n\t\t\t\t\t\t<div class=\"elementor-container elementor-column-gap-default\">\n\t\t\t\t\t<div class=\"elementor-column elementor-col-100 elementor-top-column elementor-element elementor-element-4d4e26b\" data-id=\"4d4e26b\" data-element_type=\"column\">\n\t\t\t<div class=\"elementor-widget-wrap elementor-element-populated\">\n\t\t\t\t\t\t<div class=\"elementor-element elementor-element-6ed15a9 elementor-widget elementor-widget-heading\" data-id=\"6ed15a9\" data-element_type=\"widget\" data-widget_type=\"heading.default\">\n\t\t\t\t<div class=\"elementor-widget-container\">\n\t\t\t\t\t<h2 class=\"elementor-heading-title elementor-size-default\">DE LA PEINTURE \u00c0 L'ASSIETTE<\/h2>\t\t\t\t<\/div>\n\t\t\t\t<\/div>\n\t\t\t\t<div class=\"elementor-element elementor-element-03fa24f elementor-widget elementor-widget-heading\" data-id=\"03fa24f\" data-element_type=\"widget\" data-widget_type=\"heading.default\">\n\t\t\t\t<div class=\"elementor-widget-container\">\n\t\t\t\t\t<h6 class=\"elementor-heading-title elementor-size-default\">Design et art multisensoriels<\/h6>\t\t\t\t<\/div>\n\t\t\t\t<\/div>\n\t\t\t\t<div class=\"elementor-element elementor-element-55bd0c4 elementor-widget elementor-widget-heading\" data-id=\"55bd0c4\" data-element_type=\"widget\" data-widget_type=\"heading.default\">\n\t\t\t\t<div class=\"elementor-widget-container\">\n\t\t\t\t\t<h4 class=\"elementor-heading-title elementor-size-default\">mars 2024 - <a> GO\u00dbTER <\/a><\/h4>\t\t\t\t<\/div>\n\t\t\t\t<\/div>\n\t\t\t\t<div class=\"elementor-element elementor-element-79b8c52 elementor-widget elementor-widget-image\" data-id=\"79b8c52\" data-element_type=\"widget\" data-widget_type=\"image.default\">\n\t\t\t\t<div class=\"elementor-widget-container\">\n\t\t\t\t\t\t\t\t\t\t\t\t<figure class=\"wp-caption\">\n\t\t\t\t\t\t\t\t\t\t<img fetchpriority=\"high\" decoding=\"async\" width=\"2560\" height=\"1519\" src=\"https:\/\/themeravigliamagazine.com\/wp-content\/uploads\/2024\/03\/LOCATELLI-MILANO-2022-quadropiatto-scaled.jpg\" class=\"attachment-full size-full wp-image-25775\" alt=\"\" srcset=\"https:\/\/themeravigliamagazine.com\/wp-content\/uploads\/2024\/03\/LOCATELLI-MILANO-2022-quadropiatto-scaled.jpg 2560w, https:\/\/themeravigliamagazine.com\/wp-content\/uploads\/2024\/03\/LOCATELLI-MILANO-2022-quadropiatto-300x178.jpg 300w, https:\/\/themeravigliamagazine.com\/wp-content\/uploads\/2024\/03\/LOCATELLI-MILANO-2022-quadropiatto-1024x608.jpg 1024w, https:\/\/themeravigliamagazine.com\/wp-content\/uploads\/2024\/03\/LOCATELLI-MILANO-2022-quadropiatto-768x456.jpg 768w, https:\/\/themeravigliamagazine.com\/wp-content\/uploads\/2024\/03\/LOCATELLI-MILANO-2022-quadropiatto-1536x912.jpg 1536w, https:\/\/themeravigliamagazine.com\/wp-content\/uploads\/2024\/03\/LOCATELLI-MILANO-2022-quadropiatto-2048x1216.jpg 2048w, https:\/\/themeravigliamagazine.com\/wp-content\/uploads\/2024\/03\/LOCATELLI-MILANO-2022-quadropiatto-600x356.jpg 600w\" sizes=\"(max-width: 2560px) 100vw, 2560px\" \/>\t\t\t\t\t\t\t\t\t\t\t<figcaption class=\"widget-image-caption wp-caption-text\"> Image \u00a9 Sofia Carrara<\/figcaption>\n\t\t\t\t\t\t\t\t\t\t<\/figure>\n\t\t\t\t\t\t\t\t\t<\/div>\n\t\t\t\t<\/div>\n\t\t\t\t<div class=\"elementor-element elementor-element-ecb4f68 elementor-widget elementor-widget-heading\" data-id=\"ecb4f68\" data-element_type=\"widget\" data-widget_type=\"heading.default\">\n\t\t\t\t<div class=\"elementor-widget-container\">\n\t\t\t\t\t<h3 class=\"elementor-heading-title elementor-size-default\">\"Je crois fermement au pouvoir de la fusion entre les disciplines pour laisser une empreinte \u00e9motionnelle. Je ressens la satisfaction de donner une voix et une exposition aux talents de l'industrie des arts et de la gastronomie et d'impliquer leurs esprits cr\u00e9atifs dans la cr\u00e9ation de projets uniques et sensoriels.\"<\/h3>\t\t\t\t<\/div>\n\t\t\t\t<\/div>\n\t\t\t\t<div class=\"elementor-element elementor-element-eab3040 elementor-widget elementor-widget-text-editor\" data-id=\"eab3040\" data-element_type=\"widget\" data-widget_type=\"text-editor.default\">\n\t\t\t\t<div class=\"elementor-widget-container\">\n\t\t\t\t\t\t\t\t\t<p><span style=\"font-weight: 400;\">Au c\u0153ur de la sc\u00e8ne culinaire contemporaine, il existe une tendance \u00e9mergente qui allie l&rsquo;art et le design \u00e0 la gastronomie dans une combinaison fascinante. Les plats des chefs deviennent rapidement une forme d&rsquo;art en soi, transformant chaque repas en une exp\u00e9rience multisensorielle qui ravit le palais et enchante les yeux.<\/span><\/p><p><span style=\"font-weight: 400;\">Les recettes, n\u00e9es de l&rsquo;inspiration de chefs visionnaires, se distinguent par leur pr\u00e9sentation innovante et leur souci du d\u00e9tail. Chaque cr\u00e9ation culinaire est con\u00e7ue comme une \u0153uvre, dans laquelle chaque ingr\u00e9dient est savamment agenc\u00e9 et les couleurs sont harmonieusement combin\u00e9es pour cr\u00e9er des compositions visuelles qui \u00e9voquent des \u00e9motions et stimulent l&rsquo;imagination.<\/span><\/p>\t\t\t\t\t\t\t\t<\/div>\n\t\t\t\t<\/div>\n\t\t\t\t<div class=\"elementor-element elementor-element-30ec5da elementor-view-default elementor-widget elementor-widget-icon\" data-id=\"30ec5da\" data-element_type=\"widget\" data-widget_type=\"icon.default\">\n\t\t\t\t<div class=\"elementor-widget-container\">\n\t\t\t\t\t\t\t<div class=\"elementor-icon-wrapper\">\n\t\t\t<div class=\"elementor-icon\">\n\t\t\t<i aria-hidden=\"true\" class=\"fas fa-quote-left\"><\/i>\t\t\t<\/div>\n\t\t<\/div>\n\t\t\t\t\t\t<\/div>\n\t\t\t\t<\/div>\n\t\t\t\t<div class=\"elementor-element elementor-element-5d9e57f elementor-widget elementor-widget-qi_addons_for_elementor_text_marquee\" data-id=\"5d9e57f\" data-element_type=\"widget\" data-widget_type=\"qi_addons_for_elementor_text_marquee.default\">\n\t\t\t\t<div class=\"elementor-widget-container\">\n\t\t\t\t\t<div class=\"qodef-shortcode qodef-m marquee-article qodef-qi-text-marquee qodef-layout--default\">\n\t<div class=\"qodef-m-content\">\n\t\t<div class=\"qodef-m-text qodef-text--original\">\n\t\t\t\t\t\t\t<span class=\"qodef-m-text-item elementor-repeater-item-3e1adaf\" >L'union entre l'art et la nourriture a atteint de nouveaux sommets d'expression<\/span>\n\t\t\t\t\t\t\t\t\t\t\t<span class=\"qodef-m-text-item elementor-repeater-item-a602eeb\" >L'union entre l'art et la nourriture a atteint de nouveaux sommets d'expression<\/span>\n\t\t\t\t\t\t\t\t\t<\/div>\n\t\t<div class=\"qodef-m-text qodef-text--copy\">\n\t\t\t\t\t\t\t<span class=\"qodef-m-text-item elementor-repeater-item-3e1adaf\" >L'union entre l'art et la nourriture a atteint de nouveaux sommets d'expression<\/span>\n\t\t\t\t\t\t\t\t\t\t\t<span class=\"qodef-m-text-item elementor-repeater-item-a602eeb\" >L'union entre l'art et la nourriture a atteint de nouveaux sommets d'expression<\/span>\n\t\t\t\t\t\t\t\t\t<\/div>\n\t<\/div>\n<\/div>\n\t\t\t\t<\/div>\n\t\t\t\t<\/div>\n\t\t\t\t<div class=\"elementor-element elementor-element-e8609c1 elementor-view-default elementor-widget elementor-widget-icon\" data-id=\"e8609c1\" data-element_type=\"widget\" data-widget_type=\"icon.default\">\n\t\t\t\t<div class=\"elementor-widget-container\">\n\t\t\t\t\t\t\t<div class=\"elementor-icon-wrapper\">\n\t\t\t<div class=\"elementor-icon\">\n\t\t\t<i aria-hidden=\"true\" class=\"fas fa-quote-right\"><\/i>\t\t\t<\/div>\n\t\t<\/div>\n\t\t\t\t\t\t<\/div>\n\t\t\t\t<\/div>\n\t\t\t\t<div class=\"elementor-element elementor-element-9f3a12c elementor-widget elementor-widget-text-editor\" data-id=\"9f3a12c\" data-element_type=\"widget\" data-widget_type=\"text-editor.default\">\n\t\t\t\t<div class=\"elementor-widget-container\">\n\t\t\t\t\t\t\t\t\t<p><span style=\"font-weight: 400;\">Pour comprendre les origines et l&rsquo;importance de cette tendance, il faut revenir sur l&rsquo;histoire de l&rsquo;art et son influence sur la gastronomie. Depuis l&rsquo;Antiquit\u00e9, l&rsquo;art et la gastronomie sont interconnect\u00e9s, refl\u00e9tant la richesse et la culture cr\u00e9ative de diff\u00e9rentes \u00e9poques, des banquets des anciens Romains aux somptueuses tables de la noblesse de la Renaissance.<\/span><\/p><p><span style=\"font-weight: 400;\">Mais dans le monde moderne, l&rsquo;union entre l&rsquo;art et la nourriture a atteint de nouveaux sommets d&rsquo;expression.\u00a0<\/span><\/p><p><span style=\"font-weight: 400;\">C&rsquo;est dans ce contexte qu&rsquo;\u00a0 est n\u00e9 le projet <\/span><a href=\"https:\/\/letsitart.com\/\"><span style=\"font-weight: 400;\">Lets IT Art<\/span><\/a><span style=\"font-weight: 400;\">, qui a pleinement adopt\u00e9 l&rsquo;id\u00e9e que la nourriture peut \u00eatre une \u0153uvre d&rsquo;art en soi. Gr\u00e2ce \u00e0 des ateliers interactifs et \u00e0 des exp\u00e9riences culinaires immersives, Lets IT Art poursuit la mission de transformer la fa\u00e7on dont les gens interagissent avec la nourriture et l&rsquo;art, en cr\u00e9ant des liens profonds entre le public et le monde culinaire.<\/span><\/p>\t\t\t\t\t\t\t\t<\/div>\n\t\t\t\t<\/div>\n\t\t\t\t\t<\/div>\n\t\t<\/div>\n\t\t\t\t\t<\/div>\n\t\t<\/section>\n\t\t\t\t<section class=\"elementor-section elementor-top-section elementor-element elementor-element-47bba5f elementor-section-boxed elementor-section-height-default elementor-section-height-default qodef-elementor-content-no\" data-id=\"47bba5f\" data-element_type=\"section\">\n\t\t\t\t\t\t<div class=\"elementor-container elementor-column-gap-default\">\n\t\t\t\t\t<div class=\"elementor-column elementor-col-100 elementor-top-column elementor-element elementor-element-e1a9e4b\" data-id=\"e1a9e4b\" data-element_type=\"column\">\n\t\t\t<div class=\"elementor-widget-wrap elementor-element-populated\">\n\t\t\t\t\t\t<div class=\"elementor-element elementor-element-eadadd1 elementor-widget elementor-widget-image\" data-id=\"eadadd1\" data-element_type=\"widget\" data-widget_type=\"image.default\">\n\t\t\t\t<div class=\"elementor-widget-container\">\n\t\t\t\t\t\t\t\t\t\t\t\t<figure class=\"wp-caption\">\n\t\t\t\t\t\t\t\t\t\t<img decoding=\"async\" width=\"1024\" height=\"763\" src=\"https:\/\/themeravigliamagazine.com\/wp-content\/uploads\/2024\/04\/art-1024x763.png\" class=\"attachment-large size-large wp-image-25963\" alt=\"\" srcset=\"https:\/\/themeravigliamagazine.com\/wp-content\/uploads\/2024\/04\/art-1024x763.png 1024w, https:\/\/themeravigliamagazine.com\/wp-content\/uploads\/2024\/04\/art-300x224.png 300w, https:\/\/themeravigliamagazine.com\/wp-content\/uploads\/2024\/04\/art-768x572.png 768w, https:\/\/themeravigliamagazine.com\/wp-content\/uploads\/2024\/04\/art-600x447.png 600w, https:\/\/themeravigliamagazine.com\/wp-content\/uploads\/2024\/04\/art.png 1200w\" sizes=\"(max-width: 1024px) 100vw, 1024px\" \/>\t\t\t\t\t\t\t\t\t\t\t<figcaption class=\"widget-image-caption wp-caption-text\"> Image \u00a9 Sofia Carrara<\/figcaption>\n\t\t\t\t\t\t\t\t\t\t<\/figure>\n\t\t\t\t\t\t\t\t\t<\/div>\n\t\t\t\t<\/div>\n\t\t\t\t\t<\/div>\n\t\t<\/div>\n\t\t\t\t\t<\/div>\n\t\t<\/section>\n\t\t\t\t<section class=\"elementor-section elementor-top-section elementor-element elementor-element-e3f1137 elementor-section-boxed elementor-section-height-default elementor-section-height-default qodef-elementor-content-no\" data-id=\"e3f1137\" data-element_type=\"section\">\n\t\t\t\t\t\t<div class=\"elementor-container elementor-column-gap-default\">\n\t\t\t\t\t<div class=\"elementor-column elementor-col-100 elementor-top-column elementor-element elementor-element-ae20df0\" data-id=\"ae20df0\" data-element_type=\"column\">\n\t\t\t<div class=\"elementor-widget-wrap elementor-element-populated\">\n\t\t\t\t\t\t<div class=\"elementor-element elementor-element-90ec1b1 elementor-widget elementor-widget-text-editor\" data-id=\"90ec1b1\" data-element_type=\"widget\" data-widget_type=\"text-editor.default\">\n\t\t\t\t<div class=\"elementor-widget-container\">\n\t\t\t\t\t\t\t\t\t<p><span style=\"font-weight: 400;\">Les plats, \u00e9toil\u00e9s ou non, ne sont pas seulement une question d&rsquo;esth\u00e9tique, mais aussi d&rsquo;innovation gastronomique. Les chefs repoussent les limites de la cuisine traditionnelle, exp\u00e9rimentant des ingr\u00e9dients inhabituels, des techniques de pr\u00e9sentation audacieuses et des combinaisons de saveurs surprenantes. Le r\u00e9sultat est une exp\u00e9rience raffin\u00e9e mais aventureuse, gr\u00e2ce \u00e0 laquelle les convives peuvent explorer de nouvelles dimensions du go\u00fbt.<\/span><\/p>\t\t\t\t\t\t\t\t<\/div>\n\t\t\t\t<\/div>\n\t\t\t\t\t<\/div>\n\t\t<\/div>\n\t\t\t\t\t<\/div>\n\t\t<\/section>\n\t\t\t\t<section class=\"elementor-section elementor-top-section elementor-element elementor-element-57505be elementor-section-boxed elementor-section-height-default elementor-section-height-default qodef-elementor-content-no\" data-id=\"57505be\" data-element_type=\"section\">\n\t\t\t\t\t\t<div class=\"elementor-container elementor-column-gap-default\">\n\t\t\t\t\t<div class=\"elementor-column elementor-col-50 elementor-top-column elementor-element elementor-element-8a804bd\" data-id=\"8a804bd\" data-element_type=\"column\">\n\t\t\t<div class=\"elementor-widget-wrap elementor-element-populated\">\n\t\t\t\t\t\t<div class=\"elementor-element elementor-element-29e7519 elementor-widget elementor-widget-image\" data-id=\"29e7519\" data-element_type=\"widget\" data-widget_type=\"image.default\">\n\t\t\t\t<div class=\"elementor-widget-container\">\n\t\t\t\t\t\t\t\t\t\t\t\t<figure class=\"wp-caption\">\n\t\t\t\t\t\t\t\t\t\t<img decoding=\"async\" width=\"683\" height=\"1024\" src=\"https:\/\/themeravigliamagazine.com\/wp-content\/uploads\/2024\/04\/art5-683x1024.jpg\" class=\"attachment-large size-large wp-image-25975\" alt=\"\" srcset=\"https:\/\/themeravigliamagazine.com\/wp-content\/uploads\/2024\/04\/art5-683x1024.jpg 683w, https:\/\/themeravigliamagazine.com\/wp-content\/uploads\/2024\/04\/art5-200x300.jpg 200w, https:\/\/themeravigliamagazine.com\/wp-content\/uploads\/2024\/04\/art5-600x900.jpg 600w, https:\/\/themeravigliamagazine.com\/wp-content\/uploads\/2024\/04\/art5.jpg 700w\" sizes=\"(max-width: 683px) 100vw, 683px\" \/>\t\t\t\t\t\t\t\t\t\t\t<figcaption class=\"widget-image-caption wp-caption-text\"> Image \u00a9 Luca Ballestra<\/figcaption>\n\t\t\t\t\t\t\t\t\t\t<\/figure>\n\t\t\t\t\t\t\t\t\t<\/div>\n\t\t\t\t<\/div>\n\t\t\t\t\t<\/div>\n\t\t<\/div>\n\t\t\t\t<div class=\"elementor-column elementor-col-50 elementor-top-column elementor-element elementor-element-b5fb3ed\" data-id=\"b5fb3ed\" data-element_type=\"column\">\n\t\t\t<div class=\"elementor-widget-wrap elementor-element-populated\">\n\t\t\t\t\t\t<div class=\"elementor-element elementor-element-3abbc1c elementor-widget elementor-widget-image\" data-id=\"3abbc1c\" data-element_type=\"widget\" data-widget_type=\"image.default\">\n\t\t\t\t<div class=\"elementor-widget-container\">\n\t\t\t\t\t\t\t\t\t\t\t\t<figure class=\"wp-caption\">\n\t\t\t\t\t\t\t\t\t\t<img loading=\"lazy\" decoding=\"async\" width=\"683\" height=\"1024\" src=\"https:\/\/themeravigliamagazine.com\/wp-content\/uploads\/2024\/04\/art03-683x1024.jpg\" class=\"attachment-large size-large wp-image-25972\" alt=\"\" srcset=\"https:\/\/themeravigliamagazine.com\/wp-content\/uploads\/2024\/04\/art03-683x1024.jpg 683w, https:\/\/themeravigliamagazine.com\/wp-content\/uploads\/2024\/04\/art03-200x300.jpg 200w, https:\/\/themeravigliamagazine.com\/wp-content\/uploads\/2024\/04\/art03-600x900.jpg 600w, https:\/\/themeravigliamagazine.com\/wp-content\/uploads\/2024\/04\/art03.jpg 700w\" sizes=\"(max-width: 683px) 100vw, 683px\" \/>\t\t\t\t\t\t\t\t\t\t\t<figcaption class=\"widget-image-caption wp-caption-text\"> Image \u00a9 Farah Maggiora<\/figcaption>\n\t\t\t\t\t\t\t\t\t\t<\/figure>\n\t\t\t\t\t\t\t\t\t<\/div>\n\t\t\t\t<\/div>\n\t\t\t\t\t<\/div>\n\t\t<\/div>\n\t\t\t\t\t<\/div>\n\t\t<\/section>\n\t\t\t\t<section class=\"elementor-section elementor-top-section elementor-element elementor-element-d6c8430 elementor-section-boxed elementor-section-height-default elementor-section-height-default qodef-elementor-content-no\" data-id=\"d6c8430\" data-element_type=\"section\">\n\t\t\t\t\t\t<div class=\"elementor-container elementor-column-gap-default\">\n\t\t\t\t\t<div class=\"elementor-column elementor-col-100 elementor-top-column elementor-element elementor-element-2e05448\" data-id=\"2e05448\" data-element_type=\"column\">\n\t\t\t<div class=\"elementor-widget-wrap elementor-element-populated\">\n\t\t\t\t\t\t<div class=\"elementor-element elementor-element-26118f4 elementor-widget elementor-widget-text-editor\" data-id=\"26118f4\" data-element_type=\"widget\" data-widget_type=\"text-editor.default\">\n\t\t\t\t<div class=\"elementor-widget-container\">\n\t\t\t\t\t\t\t\t\t<p><span style=\"font-weight: 400;\">Au-del\u00e0 de la simple satisfaction du palais, ces plats ont un impact \u00e9motionnel et intellectuel. Chaque cr\u00e9ation culinaire raconte une histoire, refl\u00e9tant les valeurs et les aspirations de ceux qui les ont con\u00e7ues. \u00c0 travers la nourriture, nous pouvons explorer des th\u00e8mes universels tels que l&rsquo;amour, la beaut\u00e9 et la culture, enrichissant nos exp\u00e9riences gastronomiques de sens et de profondeur.<\/span><\/p><p><span style=\"font-weight: 400;\">Les plats inspir\u00e9s de l&rsquo;art et du design repr\u00e9sentent donc une forme d&rsquo;art en constante \u00e9volution, qui combine la cr\u00e9ativit\u00e9 culinaire avec la beaut\u00e9 esth\u00e9tique et la profondeur \u00e9motionnelle de l&rsquo;art.\u00a0 Gr\u00e2ce \u00e0 ces cr\u00e9ations culinaires, nous pouvons savourer non seulement le go\u00fbt de la nourriture, mais aussi la richesse de l&rsquo;histoire, de la culture et de l&rsquo;imagination.<\/span><\/p><p><span style=\"font-weight: 400;\">Avec Let&rsquo;s It Art, j&rsquo;ai voulu cr\u00e9er un pont entre l&rsquo;art et la nourriture, en organisant des \u00e9v\u00e9nements multisensoriels qui inspirent, engagent et laissent une impression durable.<\/span><\/p><p><span style=\"font-weight: 400;\">Ma mission est de transformer radicalement la fa\u00e7on dont les gens vivent et interagissent avec l&rsquo;art, en les faisant passer de la contemplation passive \u00e0 une exp\u00e9rience active et immersive \u00e0 travers la nourriture. La vision fondamentale d&rsquo;une entreprise comme Let&rsquo;s It Art est de cr\u00e9er des moyens d&rsquo;expression pour l&rsquo;art et la nourriture, ouvrant de nouvelles voies d&rsquo;exploration sensorielle et de connexion \u00e9motionnelle.<\/span><\/p>\t\t\t\t\t\t\t\t<\/div>\n\t\t\t\t<\/div>\n\t\t\t\t\t<\/div>\n\t\t<\/div>\n\t\t\t\t\t<\/div>\n\t\t<\/section>\n\t\t\t\t<section class=\"elementor-section elementor-top-section elementor-element elementor-element-a9ef9cd elementor-section-boxed elementor-section-height-default elementor-section-height-default qodef-elementor-content-no\" data-id=\"a9ef9cd\" data-element_type=\"section\">\n\t\t\t\t\t\t<div class=\"elementor-container elementor-column-gap-default\">\n\t\t\t\t\t<div class=\"elementor-column elementor-col-100 elementor-top-column elementor-element elementor-element-7cc0811\" data-id=\"7cc0811\" data-element_type=\"column\">\n\t\t\t<div class=\"elementor-widget-wrap elementor-element-populated\">\n\t\t\t\t\t\t<div class=\"elementor-element elementor-element-47a77c1 author-cit elementor-widget elementor-widget-heading\" data-id=\"47a77c1\" data-element_type=\"widget\" data-widget_type=\"heading.default\">\n\t\t\t\t<div class=\"elementor-widget-container\">\n\t\t\t\t\t<h6 class=\"elementor-heading-title elementor-size-default\"><span>par<\/span> Federica Rink<\/h6>\t\t\t\t<\/div>\n\t\t\t\t<\/div>\n\t\t\t\t\t<\/div>\n\t\t<\/div>\n\t\t\t\t\t<\/div>\n\t\t<\/section>\n\t\t\t\t<section class=\"elementor-section elementor-top-section elementor-element elementor-element-edc7105 elementor-section-boxed elementor-section-height-default elementor-section-height-default qodef-elementor-content-no\" data-id=\"edc7105\" data-element_type=\"section\">\n\t\t\t\t\t\t<div class=\"elementor-container elementor-column-gap-default\">\n\t\t\t\t\t<div class=\"elementor-column elementor-col-100 elementor-top-column elementor-element elementor-element-a295df4\" data-id=\"a295df4\" data-element_type=\"column\">\n\t\t\t<div class=\"elementor-widget-wrap elementor-element-populated\">\n\t\t\t\t\t\t<div class=\"elementor-element elementor-element-8228d84 elementor-widget__width-auto elementor-widget elementor-widget-mevoy_core_social_share\" data-id=\"8228d84\" data-element_type=\"widget\" data-widget_type=\"mevoy_core_social_share.default\">\n\t\t\t\t<div class=\"elementor-widget-container\">\n\t\t\t\t\t<div class=\"qodef-shortcode qodef-m share qodef-social-share clear qodef-layout--dropdown qodef-dropdown--bottom\">\n\t<a class=\"qodef-social-share-dropdown-opener\" href=\"javascript:void(0)\">\n\t\t<span class=\"qodef-social-title\">Share<\/span>\n\t\t<i class=\"qodef-social-share-icon social_share\"><\/i>\n\t<\/a>\n\t<div class=\"qodef-social-share-dropdown\">\n\t\t<ul class=\"qodef-shortcode-list\">\n\t\t\t<li class=\"qodef-facebook-share\">\n\t<a itemprop=\"url\" class=\"qodef-share-link\" href=\"#\" onclick=\"window.open(&#039;https:\/\/www.facebook.com\/sharer.php?u=https%3A%2F%2Fthemeravigliamagazine.com%2Ffr%2Fde-la-peinture-a-lassiette%2F&#039;, &#039;sharer&#039;, &#039;toolbar=0,status=0,width=620,height=280&#039;);\">\n\t \t\t\t\t<span class=\"qodef-icon-font-awesome fab fa-facebook-square qodef-social-network-icon\"><\/span>\t\t\t<\/a>\n<\/li><li class=\"qodef-linkedin-share\">\n\t<a itemprop=\"url\" class=\"qodef-share-link\" href=\"#\" onclick=\"popUp=window.open(&#039;https:\/\/linkedin.com\/shareArticle?mini=true&amp;url=https%3A%2F%2Fthemeravigliamagazine.com%2Ffr%2Fde-la-peinture-a-lassiette%2F&amp;title=DE+LA+PEINTURE+%C3%80+L%26rsquo%3BASSIETTE&#039;, &#039;popupwindow&#039;, &#039;scrollbars=yes,width=800,height=400&#039;);popUp.focus();return false;\">\n\t \t\t\t\t<span class=\"qodef-icon-font-awesome fab fa-linkedin qodef-social-network-icon\"><\/span>\t\t\t<\/a>\n<\/li><li class=\"qodef-pinterest-share\">\n\t<a itemprop=\"url\" class=\"qodef-share-link\" href=\"#\" onclick=\"popUp=window.open(&#039;https:\/\/pinterest.com\/pin\/create\/button\/?url=https%3A%2F%2Fthemeravigliamagazine.com%2Ffr%2Fde-la-peinture-a-lassiette%2F&amp;description=DE+LA+PEINTURE+%C3%80+L%26rsquo%3BASSIETTE&amp;media=https%3A%2F%2Fthemeravigliamagazine.com%2Fwp-content%2Fuploads%2F2024%2F04%2Fart.png&#039;, &#039;popupwindow&#039;, &#039;scrollbars=yes,width=800,height=400&#039;);popUp.focus();return false;\">\n\t \t\t\t\t<span class=\"qodef-icon-font-awesome fab fa-pinterest-square qodef-social-network-icon\"><\/span>\t\t\t<\/a>\n<\/li>\t\t<\/ul>\n\t<\/div>\n<\/div>\t\t\t\t<\/div>\n\t\t\t\t<\/div>\n\t\t\t\t\t<\/div>\n\t\t<\/div>\n\t\t\t\t\t<\/div>\n\t\t<\/section>\n\t\t\t\t<\/div>\n\t\t","protected":false},"excerpt":{"rendered":"<p>DE LA PEINTURE \u00c0 L&rsquo;ASSIETTE Design et art multisensoriels mars 2024 &#8211; GO\u00dbTER Image \u00a9 Sofia Carrara \u00ab\u00a0Je crois fermement au pouvoir de la fusion entre les disciplines pour laisser une empreinte \u00e9motionnelle. Je ressens la satisfaction de donner une voix et une exposition aux talents de l&rsquo;industrie des arts et de la gastronomie et [&hellip;]<\/p>\n","protected":false},"author":4,"featured_media":25965,"comment_status":"closed","ping_status":"closed","sticky":false,"template":"","format":"standard","meta":{"inline_featured_image":false,"footnotes":""},"categories":[133],"tags":[],"class_list":["post-28837","post","type-post","status-publish","format-standard","has-post-thumbnail","hentry","category-sensi-fr"],"yoast_head":"<!-- This site is optimized with the Yoast SEO plugin v26.0 - https:\/\/yoast.com\/wordpress\/plugins\/seo\/ -->\n<title>DE LA PEINTURE \u00c0 L&#039;ASSIETTE - The Meraviglia Magazine<\/title>\n<meta name=\"description\" content=\"Dal quadro al piatto \u00e8 un progetto innovativo di Let&#039;s It Art, un format gastronomico che unisce arte e food.\" \/>\n<meta name=\"robots\" content=\"index, follow, max-snippet:-1, max-image-preview:large, max-video-preview:-1\" \/>\n<link rel=\"canonical\" href=\"https:\/\/themeravigliamagazine.com\/fr\/de-la-peinture-a-lassiette\/\" \/>\n<meta property=\"og:locale\" content=\"fr_FR\" \/>\n<meta property=\"og:type\" content=\"article\" \/>\n<meta property=\"og:title\" content=\"DE LA PEINTURE \u00c0 L&#039;ASSIETTE - The Meraviglia Magazine\" \/>\n<meta property=\"og:description\" content=\"Dal quadro al piatto \u00e8 un progetto innovativo di Let&#039;s It Art, un format gastronomico che unisce arte e food.\" \/>\n<meta property=\"og:url\" content=\"https:\/\/themeravigliamagazine.com\/fr\/de-la-peinture-a-lassiette\/\" \/>\n<meta property=\"og:site_name\" content=\"The Meraviglia Magazine\" \/>\n<meta property=\"article:publisher\" content=\"https:\/\/www.facebook.com\/themeraviglia\" \/>\n<meta property=\"article:published_time\" content=\"2024-04-08T10:30:31+00:00\" \/>\n<meta property=\"article:modified_time\" content=\"2024-07-17T11:22:03+00:00\" \/>\n<meta property=\"og:image\" content=\"https:\/\/themeravigliamagazine.com\/wp-content\/uploads\/2024\/04\/art.png\" \/>\n\t<meta property=\"og:image:width\" content=\"1200\" \/>\n\t<meta property=\"og:image:height\" content=\"894\" \/>\n\t<meta property=\"og:image:type\" content=\"image\/png\" \/>\n<meta name=\"author\" content=\"q q\" \/>\n<meta name=\"twitter:card\" content=\"summary_large_image\" \/>\n<meta name=\"twitter:label1\" content=\"\u00c9crit par\" \/>\n\t<meta name=\"twitter:data1\" content=\"q q\" \/>\n\t<meta name=\"twitter:label2\" content=\"Dur\u00e9e de lecture estim\u00e9e\" \/>\n\t<meta name=\"twitter:data2\" content=\"5 minutes\" \/>\n<script type=\"application\/ld+json\" class=\"yoast-schema-graph\">{\"@context\":\"https:\/\/schema.org\",\"@graph\":[{\"@type\":\"Article\",\"@id\":\"https:\/\/themeravigliamagazine.com\/fr\/de-la-peinture-a-lassiette\/#article\",\"isPartOf\":{\"@id\":\"https:\/\/themeravigliamagazine.com\/fr\/de-la-peinture-a-lassiette\/\"},\"author\":{\"name\":\"q q\",\"@id\":\"https:\/\/themeravigliamagazine.com\/#\/schema\/person\/881c11bb872923c96c8350777d3ee1a3\"},\"headline\":\"DE LA PEINTURE \u00c0 L&rsquo;ASSIETTE\",\"datePublished\":\"2024-04-08T10:30:31+00:00\",\"dateModified\":\"2024-07-17T11:22:03+00:00\",\"mainEntityOfPage\":{\"@id\":\"https:\/\/themeravigliamagazine.com\/fr\/de-la-peinture-a-lassiette\/\"},\"wordCount\":732,\"publisher\":{\"@id\":\"https:\/\/themeravigliamagazine.com\/#organization\"},\"image\":{\"@id\":\"https:\/\/themeravigliamagazine.com\/fr\/de-la-peinture-a-lassiette\/#primaryimage\"},\"thumbnailUrl\":\"https:\/\/themeravigliamagazine.com\/wp-content\/uploads\/2024\/04\/art.png\",\"articleSection\":[\"Sensi\"],\"inLanguage\":\"fr-FR\"},{\"@type\":\"WebPage\",\"@id\":\"https:\/\/themeravigliamagazine.com\/fr\/de-la-peinture-a-lassiette\/\",\"url\":\"https:\/\/themeravigliamagazine.com\/fr\/de-la-peinture-a-lassiette\/\",\"name\":\"DE LA PEINTURE \u00c0 L'ASSIETTE - The Meraviglia Magazine\",\"isPartOf\":{\"@id\":\"https:\/\/themeravigliamagazine.com\/#website\"},\"primaryImageOfPage\":{\"@id\":\"https:\/\/themeravigliamagazine.com\/fr\/de-la-peinture-a-lassiette\/#primaryimage\"},\"image\":{\"@id\":\"https:\/\/themeravigliamagazine.com\/fr\/de-la-peinture-a-lassiette\/#primaryimage\"},\"thumbnailUrl\":\"https:\/\/themeravigliamagazine.com\/wp-content\/uploads\/2024\/04\/art.png\",\"datePublished\":\"2024-04-08T10:30:31+00:00\",\"dateModified\":\"2024-07-17T11:22:03+00:00\",\"description\":\"Dal quadro al piatto \u00e8 un progetto innovativo di Let's It Art, un format gastronomico che unisce arte e food.\",\"breadcrumb\":{\"@id\":\"https:\/\/themeravigliamagazine.com\/fr\/de-la-peinture-a-lassiette\/#breadcrumb\"},\"inLanguage\":\"fr-FR\",\"potentialAction\":[{\"@type\":\"ReadAction\",\"target\":[\"https:\/\/themeravigliamagazine.com\/fr\/de-la-peinture-a-lassiette\/\"]}]},{\"@type\":\"ImageObject\",\"inLanguage\":\"fr-FR\",\"@id\":\"https:\/\/themeravigliamagazine.com\/fr\/de-la-peinture-a-lassiette\/#primaryimage\",\"url\":\"https:\/\/themeravigliamagazine.com\/wp-content\/uploads\/2024\/04\/art.png\",\"contentUrl\":\"https:\/\/themeravigliamagazine.com\/wp-content\/uploads\/2024\/04\/art.png\",\"width\":1200,\"height\":894},{\"@type\":\"BreadcrumbList\",\"@id\":\"https:\/\/themeravigliamagazine.com\/fr\/de-la-peinture-a-lassiette\/#breadcrumb\",\"itemListElement\":[{\"@type\":\"ListItem\",\"position\":1,\"name\":\"Home\",\"item\":\"https:\/\/themeravigliamagazine.com\/\"},{\"@type\":\"ListItem\",\"position\":2,\"name\":\"DE LA PEINTURE \u00c0 L&#8217;ASSIETTE\"}]},{\"@type\":\"WebSite\",\"@id\":\"https:\/\/themeravigliamagazine.com\/#website\",\"url\":\"https:\/\/themeravigliamagazine.com\/\",\"name\":\"The Meraviglia Magazine\",\"description\":\"\",\"publisher\":{\"@id\":\"https:\/\/themeravigliamagazine.com\/#organization\"},\"potentialAction\":[{\"@type\":\"SearchAction\",\"target\":{\"@type\":\"EntryPoint\",\"urlTemplate\":\"https:\/\/themeravigliamagazine.com\/?s={search_term_string}\"},\"query-input\":{\"@type\":\"PropertyValueSpecification\",\"valueRequired\":true,\"valueName\":\"search_term_string\"}}],\"inLanguage\":\"fr-FR\"},{\"@type\":\"Organization\",\"@id\":\"https:\/\/themeravigliamagazine.com\/#organization\",\"name\":\"The Meraviglia Magazine\",\"url\":\"https:\/\/themeravigliamagazine.com\/\",\"logo\":{\"@type\":\"ImageObject\",\"inLanguage\":\"fr-FR\",\"@id\":\"https:\/\/themeravigliamagazine.com\/#\/schema\/logo\/image\/\",\"url\":\"https:\/\/themeravigliamagazine.com\/wp-content\/uploads\/2025\/03\/Immagine-WhatsApp-2025-03-31-ore-12.32.31_fdf28acd.jpg\",\"contentUrl\":\"https:\/\/themeravigliamagazine.com\/wp-content\/uploads\/2025\/03\/Immagine-WhatsApp-2025-03-31-ore-12.32.31_fdf28acd.jpg\",\"width\":1600,\"height\":621,\"caption\":\"The Meraviglia Magazine\"},\"image\":{\"@id\":\"https:\/\/themeravigliamagazine.com\/#\/schema\/logo\/image\/\"},\"sameAs\":[\"https:\/\/www.facebook.com\/themeraviglia\"]},{\"@type\":\"Person\",\"@id\":\"https:\/\/themeravigliamagazine.com\/#\/schema\/person\/881c11bb872923c96c8350777d3ee1a3\",\"name\":\"q q\",\"image\":{\"@type\":\"ImageObject\",\"inLanguage\":\"fr-FR\",\"@id\":\"https:\/\/themeravigliamagazine.com\/#\/schema\/person\/image\/\",\"url\":\"https:\/\/secure.gravatar.com\/avatar\/703bbe1ce801129bc0d88e2d3bb8ced0?s=96&d=mm&r=g\",\"contentUrl\":\"https:\/\/secure.gravatar.com\/avatar\/703bbe1ce801129bc0d88e2d3bb8ced0?s=96&d=mm&r=g\",\"caption\":\"q q\"}}]}<\/script>\n<!-- \/ Yoast SEO plugin. -->","yoast_head_json":{"title":"DE LA PEINTURE \u00c0 L'ASSIETTE - The Meraviglia Magazine","description":"Dal quadro al piatto \u00e8 un progetto innovativo di Let's It Art, un format gastronomico che unisce arte e food.","robots":{"index":"index","follow":"follow","max-snippet":"max-snippet:-1","max-image-preview":"max-image-preview:large","max-video-preview":"max-video-preview:-1"},"canonical":"https:\/\/themeravigliamagazine.com\/fr\/de-la-peinture-a-lassiette\/","og_locale":"fr_FR","og_type":"article","og_title":"DE LA PEINTURE \u00c0 L'ASSIETTE - The Meraviglia Magazine","og_description":"Dal quadro al piatto \u00e8 un progetto innovativo di Let's It Art, un format gastronomico che unisce arte e food.","og_url":"https:\/\/themeravigliamagazine.com\/fr\/de-la-peinture-a-lassiette\/","og_site_name":"The Meraviglia Magazine","article_publisher":"https:\/\/www.facebook.com\/themeraviglia","article_published_time":"2024-04-08T10:30:31+00:00","article_modified_time":"2024-07-17T11:22:03+00:00","og_image":[{"width":1200,"height":894,"url":"https:\/\/themeravigliamagazine.com\/wp-content\/uploads\/2024\/04\/art.png","type":"image\/png"}],"author":"q q","twitter_card":"summary_large_image","twitter_misc":{"\u00c9crit par":"q q","Dur\u00e9e de lecture estim\u00e9e":"5 minutes"},"schema":{"@context":"https:\/\/schema.org","@graph":[{"@type":"Article","@id":"https:\/\/themeravigliamagazine.com\/fr\/de-la-peinture-a-lassiette\/#article","isPartOf":{"@id":"https:\/\/themeravigliamagazine.com\/fr\/de-la-peinture-a-lassiette\/"},"author":{"name":"q q","@id":"https:\/\/themeravigliamagazine.com\/#\/schema\/person\/881c11bb872923c96c8350777d3ee1a3"},"headline":"DE LA PEINTURE \u00c0 L&rsquo;ASSIETTE","datePublished":"2024-04-08T10:30:31+00:00","dateModified":"2024-07-17T11:22:03+00:00","mainEntityOfPage":{"@id":"https:\/\/themeravigliamagazine.com\/fr\/de-la-peinture-a-lassiette\/"},"wordCount":732,"publisher":{"@id":"https:\/\/themeravigliamagazine.com\/#organization"},"image":{"@id":"https:\/\/themeravigliamagazine.com\/fr\/de-la-peinture-a-lassiette\/#primaryimage"},"thumbnailUrl":"https:\/\/themeravigliamagazine.com\/wp-content\/uploads\/2024\/04\/art.png","articleSection":["Sensi"],"inLanguage":"fr-FR"},{"@type":"WebPage","@id":"https:\/\/themeravigliamagazine.com\/fr\/de-la-peinture-a-lassiette\/","url":"https:\/\/themeravigliamagazine.com\/fr\/de-la-peinture-a-lassiette\/","name":"DE LA PEINTURE \u00c0 L'ASSIETTE - The Meraviglia Magazine","isPartOf":{"@id":"https:\/\/themeravigliamagazine.com\/#website"},"primaryImageOfPage":{"@id":"https:\/\/themeravigliamagazine.com\/fr\/de-la-peinture-a-lassiette\/#primaryimage"},"image":{"@id":"https:\/\/themeravigliamagazine.com\/fr\/de-la-peinture-a-lassiette\/#primaryimage"},"thumbnailUrl":"https:\/\/themeravigliamagazine.com\/wp-content\/uploads\/2024\/04\/art.png","datePublished":"2024-04-08T10:30:31+00:00","dateModified":"2024-07-17T11:22:03+00:00","description":"Dal quadro al piatto \u00e8 un progetto innovativo di Let's It Art, un format gastronomico che unisce arte e food.","breadcrumb":{"@id":"https:\/\/themeravigliamagazine.com\/fr\/de-la-peinture-a-lassiette\/#breadcrumb"},"inLanguage":"fr-FR","potentialAction":[{"@type":"ReadAction","target":["https:\/\/themeravigliamagazine.com\/fr\/de-la-peinture-a-lassiette\/"]}]},{"@type":"ImageObject","inLanguage":"fr-FR","@id":"https:\/\/themeravigliamagazine.com\/fr\/de-la-peinture-a-lassiette\/#primaryimage","url":"https:\/\/themeravigliamagazine.com\/wp-content\/uploads\/2024\/04\/art.png","contentUrl":"https:\/\/themeravigliamagazine.com\/wp-content\/uploads\/2024\/04\/art.png","width":1200,"height":894},{"@type":"BreadcrumbList","@id":"https:\/\/themeravigliamagazine.com\/fr\/de-la-peinture-a-lassiette\/#breadcrumb","itemListElement":[{"@type":"ListItem","position":1,"name":"Home","item":"https:\/\/themeravigliamagazine.com\/"},{"@type":"ListItem","position":2,"name":"DE LA PEINTURE \u00c0 L&#8217;ASSIETTE"}]},{"@type":"WebSite","@id":"https:\/\/themeravigliamagazine.com\/#website","url":"https:\/\/themeravigliamagazine.com\/","name":"The Meraviglia Magazine","description":"","publisher":{"@id":"https:\/\/themeravigliamagazine.com\/#organization"},"potentialAction":[{"@type":"SearchAction","target":{"@type":"EntryPoint","urlTemplate":"https:\/\/themeravigliamagazine.com\/?s={search_term_string}"},"query-input":{"@type":"PropertyValueSpecification","valueRequired":true,"valueName":"search_term_string"}}],"inLanguage":"fr-FR"},{"@type":"Organization","@id":"https:\/\/themeravigliamagazine.com\/#organization","name":"The Meraviglia Magazine","url":"https:\/\/themeravigliamagazine.com\/","logo":{"@type":"ImageObject","inLanguage":"fr-FR","@id":"https:\/\/themeravigliamagazine.com\/#\/schema\/logo\/image\/","url":"https:\/\/themeravigliamagazine.com\/wp-content\/uploads\/2025\/03\/Immagine-WhatsApp-2025-03-31-ore-12.32.31_fdf28acd.jpg","contentUrl":"https:\/\/themeravigliamagazine.com\/wp-content\/uploads\/2025\/03\/Immagine-WhatsApp-2025-03-31-ore-12.32.31_fdf28acd.jpg","width":1600,"height":621,"caption":"The Meraviglia Magazine"},"image":{"@id":"https:\/\/themeravigliamagazine.com\/#\/schema\/logo\/image\/"},"sameAs":["https:\/\/www.facebook.com\/themeraviglia"]},{"@type":"Person","@id":"https:\/\/themeravigliamagazine.com\/#\/schema\/person\/881c11bb872923c96c8350777d3ee1a3","name":"q q","image":{"@type":"ImageObject","inLanguage":"fr-FR","@id":"https:\/\/themeravigliamagazine.com\/#\/schema\/person\/image\/","url":"https:\/\/secure.gravatar.com\/avatar\/703bbe1ce801129bc0d88e2d3bb8ced0?s=96&d=mm&r=g","contentUrl":"https:\/\/secure.gravatar.com\/avatar\/703bbe1ce801129bc0d88e2d3bb8ced0?s=96&d=mm&r=g","caption":"q q"}}]}},"_links":{"self":[{"href":"https:\/\/themeravigliamagazine.com\/fr\/wp-json\/wp\/v2\/posts\/28837","targetHints":{"allow":["GET"]}}],"collection":[{"href":"https:\/\/themeravigliamagazine.com\/fr\/wp-json\/wp\/v2\/posts"}],"about":[{"href":"https:\/\/themeravigliamagazine.com\/fr\/wp-json\/wp\/v2\/types\/post"}],"author":[{"embeddable":true,"href":"https:\/\/themeravigliamagazine.com\/fr\/wp-json\/wp\/v2\/users\/4"}],"replies":[{"embeddable":true,"href":"https:\/\/themeravigliamagazine.com\/fr\/wp-json\/wp\/v2\/comments?post=28837"}],"version-history":[{"count":5,"href":"https:\/\/themeravigliamagazine.com\/fr\/wp-json\/wp\/v2\/posts\/28837\/revisions"}],"predecessor-version":[{"id":30200,"href":"https:\/\/themeravigliamagazine.com\/fr\/wp-json\/wp\/v2\/posts\/28837\/revisions\/30200"}],"wp:featuredmedia":[{"embeddable":true,"href":"https:\/\/themeravigliamagazine.com\/fr\/wp-json\/wp\/v2\/media\/25965"}],"wp:attachment":[{"href":"https:\/\/themeravigliamagazine.com\/fr\/wp-json\/wp\/v2\/media?parent=28837"}],"wp:term":[{"taxonomy":"category","embeddable":true,"href":"https:\/\/themeravigliamagazine.com\/fr\/wp-json\/wp\/v2\/categories?post=28837"},{"taxonomy":"post_tag","embeddable":true,"href":"https:\/\/themeravigliamagazine.com\/fr\/wp-json\/wp\/v2\/tags?post=28837"}],"curies":[{"name":"wp","href":"https:\/\/api.w.org\/{rel}","templated":true}]}}