{"id":29077,"date":"2024-05-12T08:19:00","date_gmt":"2024-05-12T08:19:00","guid":{"rendered":"https:\/\/themeravigliamagazine.com\/bring-back-mainly-man\/"},"modified":"2024-06-10T15:18:31","modified_gmt":"2024-06-10T15:18:31","slug":"ramenez-les-hommes-virils","status":"publish","type":"post","link":"https:\/\/themeravigliamagazine.com\/fr\/ramenez-les-hommes-virils\/","title":{"rendered":"BRING BACK MAINLY MAN"},"content":{"rendered":"\t\t<div data-elementor-type=\"wp-post\" data-elementor-id=\"29077\" class=\"elementor elementor-29077\">\n\t\t\t\t\t\t<section class=\"elementor-section elementor-top-section elementor-element elementor-element-ab7c03b section-single-article elementor-section-boxed elementor-section-height-default elementor-section-height-default qodef-elementor-content-no\" data-id=\"ab7c03b\" data-element_type=\"section\">\n\t\t\t\t\t\t<div class=\"elementor-container elementor-column-gap-default\">\n\t\t\t\t\t<div class=\"elementor-column elementor-col-100 elementor-top-column elementor-element elementor-element-4d4e26b\" data-id=\"4d4e26b\" data-element_type=\"column\">\n\t\t\t<div class=\"elementor-widget-wrap elementor-element-populated\">\n\t\t\t\t\t\t<div class=\"elementor-element elementor-element-6ed15a9 elementor-widget elementor-widget-heading\" data-id=\"6ed15a9\" data-element_type=\"widget\" data-widget_type=\"heading.default\">\n\t\t\t\t<div class=\"elementor-widget-container\">\n\t\t\t\t\t<h2 class=\"elementor-heading-title elementor-size-default\">BRING BACK MANLY MEN<\/h2>\t\t\t\t<\/div>\n\t\t\t\t<\/div>\n\t\t\t\t<div class=\"elementor-element elementor-element-03fa24f elementor-widget elementor-widget-heading\" data-id=\"03fa24f\" data-element_type=\"widget\" data-widget_type=\"heading.default\">\n\t\t\t\t<div class=\"elementor-widget-container\">\n\t\t\t\t\t<h6 class=\"elementor-heading-title elementor-size-default\">Les h\u00e9ros pleurent, les hommes ne pleurent pas\n<\/h6>\t\t\t\t<\/div>\n\t\t\t\t<\/div>\n\t\t\t\t<div class=\"elementor-element elementor-element-55bd0c4 elementor-widget elementor-widget-heading\" data-id=\"55bd0c4\" data-element_type=\"widget\" data-widget_type=\"heading.default\">\n\t\t\t\t<div class=\"elementor-widget-container\">\n\t\t\t\t\t<h4 class=\"elementor-heading-title elementor-size-default\">MAI 2024 - <a> REGARD <\/a><\/h4>\t\t\t\t<\/div>\n\t\t\t\t<\/div>\n\t\t\t\t<div class=\"elementor-element elementor-element-79b8c52 elementor-widget elementor-widget-image\" data-id=\"79b8c52\" data-element_type=\"widget\" data-widget_type=\"image.default\">\n\t\t\t\t<div class=\"elementor-widget-container\">\n\t\t\t\t\t\t\t\t\t\t\t\t<figure class=\"wp-caption\">\n\t\t\t\t\t\t\t\t\t\t<img fetchpriority=\"high\" decoding=\"async\" width=\"1500\" height=\"1200\" src=\"https:\/\/themeravigliamagazine.com\/wp-content\/uploads\/2024\/05\/cover-jordi.jpg\" class=\"attachment-full size-full wp-image-27807\" alt=\"\" srcset=\"https:\/\/themeravigliamagazine.com\/wp-content\/uploads\/2024\/05\/cover-jordi.jpg 1500w, https:\/\/themeravigliamagazine.com\/wp-content\/uploads\/2024\/05\/cover-jordi-300x240.jpg 300w, https:\/\/themeravigliamagazine.com\/wp-content\/uploads\/2024\/05\/cover-jordi-1024x819.jpg 1024w, https:\/\/themeravigliamagazine.com\/wp-content\/uploads\/2024\/05\/cover-jordi-768x614.jpg 768w, https:\/\/themeravigliamagazine.com\/wp-content\/uploads\/2024\/05\/cover-jordi-600x480.jpg 600w\" sizes=\"(max-width: 1500px) 100vw, 1500px\" \/>\t\t\t\t\t\t\t\t\t\t\t<figcaption class=\"widget-image-caption wp-caption-text\">Ph. Jordi Bello Tabbi - Event Horizon<\/figcaption>\n\t\t\t\t\t\t\t\t\t\t<\/figure>\n\t\t\t\t\t\t\t\t\t<\/div>\n\t\t\t\t<\/div>\n\t\t\t\t<div class=\"elementor-element elementor-element-ecb4f68 elementor-widget elementor-widget-heading\" data-id=\"ecb4f68\" data-element_type=\"widget\" data-widget_type=\"heading.default\">\n\t\t\t\t<div class=\"elementor-widget-container\">\n\t\t\t\t\t<h3 class=\"elementor-heading-title elementor-size-default\">\"C'est \u00e9puisant d'essayer d'\u00eatre assez un homme pour tout le monde.\" <br>\n<h6 class=\"author-cit\">Justin Baldoni<\/h6><\/h3>\t\t\t\t<\/div>\n\t\t\t\t<\/div>\n\t\t\t\t<div class=\"elementor-element elementor-element-eab3040 elementor-widget elementor-widget-text-editor\" data-id=\"eab3040\" data-element_type=\"widget\" data-widget_type=\"text-editor.default\">\n\t\t\t\t<div class=\"elementor-widget-container\">\n\t\t\t\t\t\t\t\t\t<p><span style=\"font-weight: 400;\">Quand j&rsquo;ai accept\u00e9 mon homosexualit\u00e9, je pensais avoir accept\u00e9 l&rsquo;attente que la soci\u00e9t\u00e9 aurait de moi en tant qu&rsquo;homme: faire partie de la communaut\u00e9 masculine, oui, mais d&rsquo;une minorit\u00e9 qui ne correspondait pas exactement \u00e0 l&rsquo;id\u00e9al d&rsquo;un homme viril. Non pas qu&rsquo;\u00eatre homosexuel soit synonyme de f\u00e9minit\u00e9, mais cela ne correspond certainement pas au r\u00e9cit de l&rsquo;homme \u00ab traditionnel \u00bb, si cher aux franges les plus conservatrices de la politique italienne et \u00e9trang\u00e8re.\u00a0<\/span><\/p><p><span style=\"font-weight: 400;\">\u00a0<\/span><\/p><p><span style=\"font-weight: 400;\">Pourtant, lorsque Vogue USA a sorti la premi\u00e8re couverture avec un seul homme, le chanteur Harry Styles, dans des v\u00eatements traditionnellement f\u00e9minins en d\u00e9cembre 2020, le commentaire, devenu viral, de l&rsquo;activiste am\u00e9ricaine Candace Owens \u00ab <strong>Bring Back Mainly Man<\/strong> \u00bb, a rouvert une blessure en moi que je pensais gu\u00e9rie. Comme s&rsquo;il y avait toujours quelque chose qui \u00e9tait pr\u00eat \u00e0 faire de vous \u00ab moins un homme \u00bb et quelqu&rsquo;un toujours pr\u00eat \u00e0 vous le faire remarquer. Lorsque vous naissez biologiquement un homme, vous \u00eates sans le savoir catapult\u00e9 dans un jeu de survie, <\/span><i><span style=\"font-weight: 400;\">\u00a0<\/span><\/i><span style=\"font-weight: 400;\">\u00e0 la Hunger Games, dans lequel seuls les plus forts, les plus courageux et les plus rus\u00e9s seront socialement accept\u00e9s en tant qu&rsquo;homme, avec un grand H. Dans cette lutte tribale pour la supr\u00e9matie, il n&rsquo;y a pas de place pour les faux pas, les doutes ou les chutes de quelque nature que ce soit. Mais le probl\u00e8me, comme dans toute guerre, ce sont les \u00ab vaincus \u00bb.\u00a0<\/span><\/p>\t\t\t\t\t\t\t\t<\/div>\n\t\t\t\t<\/div>\n\t\t\t\t<div class=\"elementor-element elementor-element-30ec5da elementor-view-default elementor-widget elementor-widget-icon\" data-id=\"30ec5da\" data-element_type=\"widget\" data-widget_type=\"icon.default\">\n\t\t\t\t<div class=\"elementor-widget-container\">\n\t\t\t\t\t\t\t<div class=\"elementor-icon-wrapper\">\n\t\t\t<div class=\"elementor-icon\">\n\t\t\t<i aria-hidden=\"true\" class=\"fas fa-quote-left\"><\/i>\t\t\t<\/div>\n\t\t<\/div>\n\t\t\t\t\t\t<\/div>\n\t\t\t\t<\/div>\n\t\t\t\t<div class=\"elementor-element elementor-element-5d9e57f elementor-widget elementor-widget-qi_addons_for_elementor_text_marquee\" data-id=\"5d9e57f\" data-element_type=\"widget\" data-widget_type=\"qi_addons_for_elementor_text_marquee.default\">\n\t\t\t\t<div class=\"elementor-widget-container\">\n\t\t\t\t\t<div class=\"qodef-shortcode qodef-m marquee-article qodef-qi-text-marquee qodef-layout--default\">\n\t<div class=\"qodef-m-content\">\n\t\t<div class=\"qodef-m-text qodef-text--original\">\n\t\t\t\t\t\t\t<span class=\"qodef-m-text-item elementor-repeater-item-3e1adaf\" >Red\u00e9finir les codes d'une nouvelle masculinit\u00e9<\/span>\n\t\t\t\t\t\t\t\t\t\t\t<span class=\"qodef-m-text-item elementor-repeater-item-a602eeb\" >Red\u00e9finir les codes d'une nouvelle masculinit\u00e9<\/span>\n\t\t\t\t\t\t\t\t\t<\/div>\n\t\t<div class=\"qodef-m-text qodef-text--copy\">\n\t\t\t\t\t\t\t<span class=\"qodef-m-text-item elementor-repeater-item-3e1adaf\" >Red\u00e9finir les codes d'une nouvelle masculinit\u00e9<\/span>\n\t\t\t\t\t\t\t\t\t\t\t<span class=\"qodef-m-text-item elementor-repeater-item-a602eeb\" >Red\u00e9finir les codes d'une nouvelle masculinit\u00e9<\/span>\n\t\t\t\t\t\t\t\t\t<\/div>\n\t<\/div>\n<\/div>\n\t\t\t\t<\/div>\n\t\t\t\t<\/div>\n\t\t\t\t<div class=\"elementor-element elementor-element-f9e1fca elementor-view-default elementor-widget elementor-widget-icon\" data-id=\"f9e1fca\" data-element_type=\"widget\" data-widget_type=\"icon.default\">\n\t\t\t\t<div class=\"elementor-widget-container\">\n\t\t\t\t\t\t\t<div class=\"elementor-icon-wrapper\">\n\t\t\t<div class=\"elementor-icon\">\n\t\t\t<i aria-hidden=\"true\" class=\"fas fa-quote-right\"><\/i>\t\t\t<\/div>\n\t\t<\/div>\n\t\t\t\t\t\t<\/div>\n\t\t\t\t<\/div>\n\t\t\t\t<div class=\"elementor-element elementor-element-443817f elementor-widget elementor-widget-text-editor\" data-id=\"443817f\" data-element_type=\"widget\" data-widget_type=\"text-editor.default\">\n\t\t\t\t<div class=\"elementor-widget-container\">\n\t\t\t\t\t\t\t\t\t<p><span style=\"font-weight: 400;\">En faisant des recherches sur le sujet, je suis tomb\u00e9 sur une vid\u00e9o de l&rsquo;acteur et r\u00e9alisateur Justin Baldoni, qui dans une conf\u00e9rence Ted intitul\u00e9e \u00ab<\/span><i><span style=\"font-weight: 400;\">Pourquoi j&rsquo;en ai assez d&rsquo;essayer d&rsquo;\u00eatre assez homme<\/span><\/i><span style=\"font-weight: 400;\">\u00bb explique comment la masculinit\u00e9 est devenue une cage pour les hommes m\u00eames qui l&rsquo;ont \u00ab\u00a0cr\u00e9\u00e9e\u00a0\u00bb, et la frustration qu&rsquo;un homme ressent devant une communaut\u00e9.\u00a0 la sienne, qui n&rsquo;a pas \u00e9t\u00e9 \u00e9duqu\u00e9e \u00e0 accepter la faiblesse, la peur et les ins\u00e9curit\u00e9s et, par cons\u00e9quent, \u00e0 en parler ouvertement.<\/span><\/p><p><span style=\"font-weight: 400;\">\u00a0<\/span><\/p><p><span style=\"font-weight: 400;\">\u00abC&rsquo;est \u00e9puisant d&rsquo;essayer d&rsquo;\u00eatre un homme suffisant pour tout le monde, tout le temps \u00bb, dit l&rsquo;acteur &#8211; un homme h\u00e9t\u00e9rosexuel, paternel, athl\u00e9tique et agr\u00e9able &#8211; \u00abJ&rsquo;ai fait semblant d&rsquo;\u00eatre un homme que je ne suis pas toute ma vie, j&rsquo;ai fait semblant d&rsquo;\u00eatre fort quand je me sentais faible et d&rsquo;\u00eatre confiant quand je ne l&rsquo;\u00e9tais pas.\u00bb\u00a0 Par cons\u00e9quent, ce ne sont pas seulement les parties les moins impliqu\u00e9es de la communaut\u00e9 qui souffrent, mais aussi celles qui peuvent \u00eatre consid\u00e9r\u00e9es comme un fier repr\u00e9sentant.\u00a0<\/span><\/p><p><span style=\"font-weight: 400;\">\u00a0<\/span><\/p><p><span style=\"font-weight: 400;\">Mais pourquoi \u00eatre un homme est-il si \u00e9puisant? Pourquoi le genre masculin s&rsquo;impose-t-il encore \u00e0 vivre dans cette \u00absentimentalit\u00e9\u00bb de tranch\u00e9e, qui en fait \u00e0 la fois prisonnier et ge\u00f4lier? L&rsquo;un des prodromes les plus appropri\u00e9s me vient de souvenirs de lyc\u00e9e, lors d&rsquo;une le\u00e7on de litt\u00e9rature grecque: dans le huiti\u00e8me livre de l&rsquo;Odyss\u00e9e d&rsquo;Hom\u00e8re, Ulysse, un h\u00e9ros astucieux et moralement aussi bien que physiquement solide, en entendant le chant d&rsquo;aedo sur ses actes, pleure, et ce faisant, se couvre le visage d&rsquo;un manteau, parce qu&rsquo;il \u00ab<\/span><i><span style=\"font-weight: 400;\">avait honte, devant les Ph\u00e9aciens, de verser des larmes sous ses cils<\/span><\/i><span style=\"font-weight: 400;\">\u00bb.<\/span><\/p><p><span style=\"font-weight: 400;\">Les versets des chants hom\u00e9riques sont pleins de h\u00e9ros en pleurs: Achille, Priam, Hector et Agamemnon, tous versent des larmes et pour les raisons les plus disparates, et personne n&rsquo;a jamais eu honte de pleurer et de le montrer ouvertement. Mais Ulysse, en cette occasion, est diff\u00e9rent, entendre parler de ses actions et de ses malheurs cr\u00e9e en lui une perte momentan\u00e9e de contr\u00f4le de la raison et de la corpor\u00e9it\u00e9, et, comme ce n&rsquo;est pas la fa\u00e7on de se comporter d&rsquo;un homme, il en a honte.<\/span><\/p>\t\t\t\t\t\t\t\t<\/div>\n\t\t\t\t<\/div>\n\t\t\t\t\t<\/div>\n\t\t<\/div>\n\t\t\t\t\t<\/div>\n\t\t<\/section>\n\t\t\t\t<section class=\"elementor-section elementor-top-section elementor-element elementor-element-acd4fab elementor-section-boxed elementor-section-height-default elementor-section-height-default qodef-elementor-content-no\" data-id=\"acd4fab\" data-element_type=\"section\">\n\t\t\t\t\t\t<div class=\"elementor-container elementor-column-gap-default\">\n\t\t\t\t\t<div class=\"elementor-column elementor-col-50 elementor-top-column elementor-element elementor-element-6a6db4c\" data-id=\"6a6db4c\" data-element_type=\"column\">\n\t\t\t<div class=\"elementor-widget-wrap elementor-element-populated\">\n\t\t\t\t\t\t<div class=\"elementor-element elementor-element-9bdf821 elementor-widget elementor-widget-image\" data-id=\"9bdf821\" data-element_type=\"widget\" data-widget_type=\"image.default\">\n\t\t\t\t<div class=\"elementor-widget-container\">\n\t\t\t\t\t\t\t\t\t\t\t\t<figure class=\"wp-caption\">\n\t\t\t\t\t\t\t\t\t\t<img decoding=\"async\" width=\"725\" height=\"910\" src=\"https:\/\/themeravigliamagazine.com\/wp-content\/uploads\/2024\/05\/jordi1.jpg\" class=\"attachment-large size-large wp-image-27813\" alt=\"\" srcset=\"https:\/\/themeravigliamagazine.com\/wp-content\/uploads\/2024\/05\/jordi1.jpg 725w, https:\/\/themeravigliamagazine.com\/wp-content\/uploads\/2024\/05\/jordi1-239x300.jpg 239w, https:\/\/themeravigliamagazine.com\/wp-content\/uploads\/2024\/05\/jordi1-600x753.jpg 600w\" sizes=\"(max-width: 725px) 100vw, 725px\" \/>\t\t\t\t\t\t\t\t\t\t\t<figcaption class=\"widget-image-caption wp-caption-text\">Ph. Jordi Bello Tabbi - Event Horizon<\/figcaption>\n\t\t\t\t\t\t\t\t\t\t<\/figure>\n\t\t\t\t\t\t\t\t\t<\/div>\n\t\t\t\t<\/div>\n\t\t\t\t\t<\/div>\n\t\t<\/div>\n\t\t\t\t<div class=\"elementor-column elementor-col-50 elementor-top-column elementor-element elementor-element-e6ac01a\" data-id=\"e6ac01a\" data-element_type=\"column\">\n\t\t\t<div class=\"elementor-widget-wrap elementor-element-populated\">\n\t\t\t\t\t\t<div class=\"elementor-element elementor-element-bd46ea0 elementor-widget elementor-widget-image\" data-id=\"bd46ea0\" data-element_type=\"widget\" data-widget_type=\"image.default\">\n\t\t\t\t<div class=\"elementor-widget-container\">\n\t\t\t\t\t\t\t\t\t\t\t\t<figure class=\"wp-caption\">\n\t\t\t\t\t\t\t\t\t\t<img decoding=\"async\" width=\"725\" height=\"910\" src=\"https:\/\/themeravigliamagazine.com\/wp-content\/uploads\/2024\/05\/jordi2.jpg\" class=\"attachment-large size-large wp-image-27816\" alt=\"\" srcset=\"https:\/\/themeravigliamagazine.com\/wp-content\/uploads\/2024\/05\/jordi2.jpg 725w, https:\/\/themeravigliamagazine.com\/wp-content\/uploads\/2024\/05\/jordi2-239x300.jpg 239w, https:\/\/themeravigliamagazine.com\/wp-content\/uploads\/2024\/05\/jordi2-600x753.jpg 600w\" sizes=\"(max-width: 725px) 100vw, 725px\" \/>\t\t\t\t\t\t\t\t\t\t\t<figcaption class=\"widget-image-caption wp-caption-text\">Ph. Jordi Bello Tabbi - Event Horizon<\/figcaption>\n\t\t\t\t\t\t\t\t\t\t<\/figure>\n\t\t\t\t\t\t\t\t\t<\/div>\n\t\t\t\t<\/div>\n\t\t\t\t\t<\/div>\n\t\t<\/div>\n\t\t\t\t\t<\/div>\n\t\t<\/section>\n\t\t\t\t<section class=\"elementor-section elementor-top-section elementor-element elementor-element-b39815d elementor-section-boxed elementor-section-height-default elementor-section-height-default qodef-elementor-content-no\" data-id=\"b39815d\" data-element_type=\"section\">\n\t\t\t\t\t\t<div class=\"elementor-container elementor-column-gap-default\">\n\t\t\t\t\t<div class=\"elementor-column elementor-col-100 elementor-top-column elementor-element elementor-element-d39303f\" data-id=\"d39303f\" data-element_type=\"column\">\n\t\t\t<div class=\"elementor-widget-wrap elementor-element-populated\">\n\t\t\t\t\t\t<div class=\"elementor-element elementor-element-3fbc5ae elementor-widget elementor-widget-text-editor\" data-id=\"3fbc5ae\" data-element_type=\"widget\" data-widget_type=\"text-editor.default\">\n\t\t\t\t<div class=\"elementor-widget-container\">\n\t\t\t\t\t\t\t\t\t<p><span style=\"font-weight: 400;\">L&rsquo;appartenance \u00e0 la cat\u00e9gorie n&rsquo;a donc plus seulement des pr\u00e9suppos\u00e9s biologiques, mais des pr\u00e9suppos\u00e9s comportementaux, une \u00e9chelle d&rsquo;id\u00e9aux et de valeurs partag\u00e9e avec l&rsquo;ensemble du genre. \u00catre un homme, c&rsquo;est rejeter tout ce qui est f\u00e9minin ou per\u00e7u comme tel, se montrer fort, vigoureux, capable de tenir \u00e0 distance les instincts du corps et de l&rsquo;esprit: un homme ne se soucie pas des frivolit\u00e9s, mais plut\u00f4t des actes, il est un chef, un chevalier et un h\u00e9ros.<\/span><\/p><p><span style=\"font-weight: 400;\">\u00a0<\/span><\/p><p><span style=\"font-weight: 400;\">Dans la tourmente du XXIe si\u00e8cle, le r\u00e9cit v\u00e9hicul\u00e9 par les m\u00e9dias de masse semble r\u00e9sister au glissement des st\u00e9r\u00e9otypes li\u00e9s \u00e0 la figure des \u00ab hommes machos \u00bb. Alors que le monde s&rsquo;aventure \u00e0 la d\u00e9couverte de l&rsquo;eau sur Mars ou s&rsquo;engage dans la recherche de nouvelles fa\u00e7ons de faire face \u00e0 la crise des particules plastiques, nous comptons toujours sur des figures masculines telles que les super-h\u00e9ros invincibles du monde Marvel ou les m\u00e9caniciens bourrus comme Lip Gallagher dans Shameless, qui portent le poids du monde sur leurs \u00e9paules sans jamais demander d&rsquo;aide.<\/span><\/p><p><span style=\"font-weight: 400;\">En effet, dans le r\u00e9cent succ\u00e8s de \u00ab\u00a0Baby Reindeer\u00a0\u00bb sur Netflix, le protagoniste Donny finit par succomber, au moins en partie, au charme d&rsquo;un harceleur violent et probl\u00e9matique, car il semble capable d&rsquo;\u00e9veiller en lui ces caract\u00e9ristiques viriles qu&rsquo;il croyait dormantes.<\/span><\/p>\t\t\t\t\t\t\t\t<\/div>\n\t\t\t\t<\/div>\n\t\t\t\t\t<\/div>\n\t\t<\/div>\n\t\t\t\t\t<\/div>\n\t\t<\/section>\n\t\t\t\t<section class=\"elementor-section elementor-top-section elementor-element elementor-element-a69b0a5 elementor-section-boxed elementor-section-height-default elementor-section-height-default qodef-elementor-content-no\" data-id=\"a69b0a5\" data-element_type=\"section\">\n\t\t\t\t\t\t<div class=\"elementor-container elementor-column-gap-default\">\n\t\t\t\t\t<div class=\"elementor-column elementor-col-50 elementor-top-column elementor-element elementor-element-21e121b\" data-id=\"21e121b\" data-element_type=\"column\">\n\t\t\t<div class=\"elementor-widget-wrap elementor-element-populated\">\n\t\t\t\t\t\t<div class=\"elementor-element elementor-element-026e457 elementor-widget elementor-widget-image\" data-id=\"026e457\" data-element_type=\"widget\" data-widget_type=\"image.default\">\n\t\t\t\t<div class=\"elementor-widget-container\">\n\t\t\t\t\t\t\t\t\t\t\t\t<figure class=\"wp-caption\">\n\t\t\t\t\t\t\t\t\t\t<img loading=\"lazy\" decoding=\"async\" width=\"725\" height=\"910\" src=\"https:\/\/themeravigliamagazine.com\/wp-content\/uploads\/2024\/05\/jordi3.jpg\" class=\"attachment-large size-large wp-image-27819\" alt=\"\" srcset=\"https:\/\/themeravigliamagazine.com\/wp-content\/uploads\/2024\/05\/jordi3.jpg 725w, https:\/\/themeravigliamagazine.com\/wp-content\/uploads\/2024\/05\/jordi3-239x300.jpg 239w, https:\/\/themeravigliamagazine.com\/wp-content\/uploads\/2024\/05\/jordi3-600x753.jpg 600w\" sizes=\"(max-width: 725px) 100vw, 725px\" \/>\t\t\t\t\t\t\t\t\t\t\t<figcaption class=\"widget-image-caption wp-caption-text\">Ph. Jordi Bello Tabbi - Event Horizon<\/figcaption>\n\t\t\t\t\t\t\t\t\t\t<\/figure>\n\t\t\t\t\t\t\t\t\t<\/div>\n\t\t\t\t<\/div>\n\t\t\t\t\t<\/div>\n\t\t<\/div>\n\t\t\t\t<div class=\"elementor-column elementor-col-50 elementor-top-column elementor-element elementor-element-d483a24\" data-id=\"d483a24\" data-element_type=\"column\">\n\t\t\t<div class=\"elementor-widget-wrap elementor-element-populated\">\n\t\t\t\t\t\t<div class=\"elementor-element elementor-element-7c0a0a0 elementor-widget elementor-widget-image\" data-id=\"7c0a0a0\" data-element_type=\"widget\" data-widget_type=\"image.default\">\n\t\t\t\t<div class=\"elementor-widget-container\">\n\t\t\t\t\t\t\t\t\t\t\t\t<figure class=\"wp-caption\">\n\t\t\t\t\t\t\t\t\t\t<img loading=\"lazy\" decoding=\"async\" width=\"725\" height=\"910\" src=\"https:\/\/themeravigliamagazine.com\/wp-content\/uploads\/2024\/05\/jordi4.jpg\" class=\"attachment-large size-large wp-image-27822\" alt=\"\" srcset=\"https:\/\/themeravigliamagazine.com\/wp-content\/uploads\/2024\/05\/jordi4.jpg 725w, https:\/\/themeravigliamagazine.com\/wp-content\/uploads\/2024\/05\/jordi4-239x300.jpg 239w, https:\/\/themeravigliamagazine.com\/wp-content\/uploads\/2024\/05\/jordi4-600x753.jpg 600w\" sizes=\"(max-width: 725px) 100vw, 725px\" \/>\t\t\t\t\t\t\t\t\t\t\t<figcaption class=\"widget-image-caption wp-caption-text\">Ph. Jordi Bello Tabbi - Event Horizon<\/figcaption>\n\t\t\t\t\t\t\t\t\t\t<\/figure>\n\t\t\t\t\t\t\t\t\t<\/div>\n\t\t\t\t<\/div>\n\t\t\t\t\t<\/div>\n\t\t<\/div>\n\t\t\t\t\t<\/div>\n\t\t<\/section>\n\t\t\t\t<section class=\"elementor-section elementor-top-section elementor-element elementor-element-d6c8430 elementor-section-boxed elementor-section-height-default elementor-section-height-default qodef-elementor-content-no\" data-id=\"d6c8430\" data-element_type=\"section\">\n\t\t\t\t\t\t<div class=\"elementor-container elementor-column-gap-default\">\n\t\t\t\t\t<div class=\"elementor-column elementor-col-100 elementor-top-column elementor-element elementor-element-2e05448\" data-id=\"2e05448\" data-element_type=\"column\">\n\t\t\t<div class=\"elementor-widget-wrap elementor-element-populated\">\n\t\t\t\t\t\t<div class=\"elementor-element elementor-element-90ec1b1 elementor-widget elementor-widget-text-editor\" data-id=\"90ec1b1\" data-element_type=\"widget\" data-widget_type=\"text-editor.default\">\n\t\t\t\t<div class=\"elementor-widget-container\">\n\t\t\t\t\t\t\t\t\t<p><span style=\"font-weight: 400;\">Malgr\u00e9 ce monopole de l&rsquo;image des hommes \u2013 o\u00f9 \u00ab <\/span><i><span style=\"font-weight: 400;\">plus c&rsquo;est gros, mieux c&rsquo;est \u00bb<\/span><\/i><span style=\"font-weight: 400;\"> \u2013 la mode, surtout ces derni\u00e8res ann\u00e9es, a tent\u00e9 de donner \u00e0 la soci\u00e9t\u00e9 une nouvelle r\u00e9interpr\u00e9tation de la figure masculine, moins enfum\u00e9e et virile. Notamment, gr\u00e2ce au travail de designers tels que Alessandro Michele et Pier Paolo Piccioli, qui ont contribu\u00e9, avec leurs cr\u00e9ations et le casting des d\u00e9fil\u00e9s, \u00e0 red\u00e9finir les codes d&rsquo;une nouvelle masculinit\u00e9, abandonnant la rigidit\u00e9 du XXe si\u00e8cle et red\u00e9couvrant sa vuln\u00e9rabilit\u00e9 et sa l\u00e9g\u00e8ret\u00e9.\u00a0<\/span><\/p><p><span style=\"font-weight: 400;\">\u00a0<\/span><\/p><p><span style=\"font-weight: 400;\">Dans un entrelacement constant d&rsquo;id\u00e9es et de symboles, un paysage de voix contrast\u00e9es \u00e9merge, amplifi\u00e9 surtout par les m\u00e9dias sociaux, qui constituent un d\u00e9fi aux id\u00e9es pr\u00e9con\u00e7ues enracin\u00e9es sur la force et la masculinit\u00e9 comme seuls attributs masculins. Dans ce dialogue pressant, un terrain fertile de r\u00e9flexion et de changement \u00e9merge, dans lequel la diversit\u00e9 des perspectives ouvre la voie \u00e0 une compr\u00e9hension plus authentique et inclusive de l&rsquo;\u00eatre humain. Un exemple frappant de cette nouvelle vague de changement est Christian Shearhod, connu sous le nom de Mr. S sur TikTok, sur lequel il raconte \u2013 \u00e0 ses 1,3 million d&rsquo;abonn\u00e9s \u2013 \u00e0 travers des vid\u00e9os courtes et ironiques, son r\u00f4le de p\u00e8re et d&rsquo;\u00e9ducateur, enseignant non seulement \u00e0 son propre fils, mais \u00e0 toute nouvelle g\u00e9n\u00e9ration de parents, l&rsquo;importance d&rsquo;accepter et de valoriser ce qui nous rend authentiquement heureux. Qu&rsquo;il s&rsquo;agisse d&rsquo;\u00eatre entendu ou de porter du rose.<\/span><\/p>\t\t\t\t\t\t\t\t<\/div>\n\t\t\t\t<\/div>\n\t\t\t\t<div class=\"elementor-element elementor-element-086e123 author-cit elementor-widget elementor-widget-heading\" data-id=\"086e123\" data-element_type=\"widget\" data-widget_type=\"heading.default\">\n\t\t\t\t<div class=\"elementor-widget-container\">\n\t\t\t\t\t<h6 class=\"elementor-heading-title elementor-size-default\"><span>par<\/span> Manuel Giovanale<\/h6>\t\t\t\t<\/div>\n\t\t\t\t<\/div>\n\t\t\t\t\t<\/div>\n\t\t<\/div>\n\t\t\t\t\t<\/div>\n\t\t<\/section>\n\t\t\t\t<section class=\"elementor-section elementor-top-section elementor-element elementor-element-0592d94 elementor-section-boxed elementor-section-height-default elementor-section-height-default qodef-elementor-content-no\" data-id=\"0592d94\" data-element_type=\"section\">\n\t\t\t\t\t\t<div class=\"elementor-container elementor-column-gap-default\">\n\t\t\t\t\t<div class=\"elementor-column elementor-col-100 elementor-top-column elementor-element elementor-element-7112b6f\" data-id=\"7112b6f\" data-element_type=\"column\">\n\t\t\t<div class=\"elementor-widget-wrap elementor-element-populated\">\n\t\t\t\t\t\t<div class=\"elementor-element elementor-element-5d1631f elementor-widget elementor-widget-text-editor\" data-id=\"5d1631f\" data-element_type=\"widget\" data-widget_type=\"text-editor.default\">\n\t\t\t\t<div class=\"elementor-widget-container\">\n\t\t\t\t\t\t\t\t\t<p style=\"padding-top: 10px; background-color: #fcf9f9; font-family: Moneta !important; font-size: 12px !important;\">ALL CREDITS:<\/p><p style=\"padding-top: 10px; background-color: #fcf9f9; font-family: Moneta !important; font-size: 12px !important;\"><br \/>Images tir\u00e9es de l&rsquo;\u0153uvre Event Horizon<br \/>Photographie Jordi A.Bello Tabbi @jordibt<br \/>Stylisme Giuseppe Troncone, Sara Ingenito @gggiuseppeee__________@saraingenito_<br \/>Mannequins Alex Barbieri, Francesco Curatolo @sono_marea @tulipa.no<\/p>\t\t\t\t\t\t\t\t<\/div>\n\t\t\t\t<\/div>\n\t\t\t\t\t<\/div>\n\t\t<\/div>\n\t\t\t\t\t<\/div>\n\t\t<\/section>\n\t\t\t\t<section class=\"elementor-section elementor-top-section elementor-element elementor-element-d857453 elementor-section-boxed elementor-section-height-default elementor-section-height-default qodef-elementor-content-no\" data-id=\"d857453\" data-element_type=\"section\">\n\t\t\t\t\t\t<div class=\"elementor-container elementor-column-gap-default\">\n\t\t\t\t\t<div class=\"elementor-column elementor-col-100 elementor-top-column elementor-element elementor-element-c23fcb2\" data-id=\"c23fcb2\" data-element_type=\"column\">\n\t\t\t<div class=\"elementor-widget-wrap elementor-element-populated\">\n\t\t\t\t\t\t<div class=\"elementor-element elementor-element-76a28e7 elementor-widget__width-auto elementor-widget elementor-widget-mevoy_core_social_share\" data-id=\"76a28e7\" data-element_type=\"widget\" data-widget_type=\"mevoy_core_social_share.default\">\n\t\t\t\t<div class=\"elementor-widget-container\">\n\t\t\t\t\t<div class=\"qodef-shortcode qodef-m share qodef-social-share clear qodef-layout--dropdown qodef-dropdown--bottom\">\n\t<a class=\"qodef-social-share-dropdown-opener\" href=\"javascript:void(0)\">\n\t\t<span class=\"qodef-social-title\">Share<\/span>\n\t\t<i class=\"qodef-social-share-icon social_share\"><\/i>\n\t<\/a>\n\t<div class=\"qodef-social-share-dropdown\">\n\t\t<ul class=\"qodef-shortcode-list\">\n\t\t\t<li class=\"qodef-facebook-share\">\n\t<a itemprop=\"url\" class=\"qodef-share-link\" href=\"#\" onclick=\"window.open(&#039;https:\/\/www.facebook.com\/sharer.php?u=https%3A%2F%2Fthemeravigliamagazine.com%2Ffr%2Framenez-les-hommes-virils%2F&#039;, &#039;sharer&#039;, &#039;toolbar=0,status=0,width=620,height=280&#039;);\">\n\t \t\t\t\t<span class=\"qodef-icon-font-awesome fab fa-facebook-square qodef-social-network-icon\"><\/span>\t\t\t<\/a>\n<\/li><li class=\"qodef-linkedin-share\">\n\t<a itemprop=\"url\" class=\"qodef-share-link\" href=\"#\" onclick=\"popUp=window.open(&#039;https:\/\/linkedin.com\/shareArticle?mini=true&amp;url=https%3A%2F%2Fthemeravigliamagazine.com%2Ffr%2Framenez-les-hommes-virils%2F&amp;title=BRING+BACK+MAINLY+MAN&#039;, &#039;popupwindow&#039;, &#039;scrollbars=yes,width=800,height=400&#039;);popUp.focus();return false;\">\n\t \t\t\t\t<span class=\"qodef-icon-font-awesome fab fa-linkedin qodef-social-network-icon\"><\/span>\t\t\t<\/a>\n<\/li><li class=\"qodef-pinterest-share\">\n\t<a itemprop=\"url\" class=\"qodef-share-link\" href=\"#\" onclick=\"popUp=window.open(&#039;https:\/\/pinterest.com\/pin\/create\/button\/?url=https%3A%2F%2Fthemeravigliamagazine.com%2Ffr%2Framenez-les-hommes-virils%2F&amp;description=BRING+BACK+MAINLY+MAN&amp;media=https%3A%2F%2Fthemeravigliamagazine.com%2Fwp-content%2Fuploads%2F2024%2F05%2Fcover-jo.jpg&#039;, &#039;popupwindow&#039;, &#039;scrollbars=yes,width=800,height=400&#039;);popUp.focus();return false;\">\n\t \t\t\t\t<span class=\"qodef-icon-font-awesome fab fa-pinterest-square qodef-social-network-icon\"><\/span>\t\t\t<\/a>\n<\/li>\t\t<\/ul>\n\t<\/div>\n<\/div>\t\t\t\t<\/div>\n\t\t\t\t<\/div>\n\t\t\t\t\t<\/div>\n\t\t<\/div>\n\t\t\t\t\t<\/div>\n\t\t<\/section>\n\t\t\t\t<\/div>\n\t\t","protected":false},"excerpt":{"rendered":"<p>BRING BACK MANLY MEN Les h\u00e9ros pleurent, les hommes ne pleurent pas MAI 2024 &#8211; REGARD Ph. Jordi Bello Tabbi &#8211; Event Horizon \u00ab\u00a0C&rsquo;est \u00e9puisant d&rsquo;essayer d&rsquo;\u00eatre assez un homme pour tout le monde.\u00a0\u00bb Justin Baldoni Quand j&rsquo;ai accept\u00e9 mon homosexualit\u00e9, je pensais avoir accept\u00e9 l&rsquo;attente que la soci\u00e9t\u00e9 aurait de moi en tant qu&rsquo;homme: [&hellip;]<\/p>\n","protected":false},"author":4,"featured_media":27855,"comment_status":"closed","ping_status":"closed","sticky":false,"template":"","format":"standard","meta":{"inline_featured_image":false,"footnotes":""},"categories":[135],"tags":[],"class_list":["post-29077","post","type-post","status-publish","format-standard","has-post-thumbnail","hentry","category-sguardi-fr"],"yoast_head":"<!-- This site is optimized with the Yoast SEO plugin v26.0 - https:\/\/yoast.com\/wordpress\/plugins\/seo\/ -->\n<title>BRING BACK MAINLY MAN - The Meraviglia Magazine<\/title>\n<meta name=\"description\" content=\"Les hommes ne veulent plus \u00eatre des hommes: BBMMan r\u00e9v\u00e8le la toxicit\u00e9 de la masculinit\u00e9 et invite \u00e0 la r\u00e9flexion et au changement.\" \/>\n<meta name=\"robots\" content=\"index, follow, max-snippet:-1, max-image-preview:large, max-video-preview:-1\" \/>\n<link rel=\"canonical\" href=\"https:\/\/themeravigliamagazine.com\/fr\/ramenez-les-hommes-virils\/\" \/>\n<meta property=\"og:locale\" content=\"fr_FR\" \/>\n<meta property=\"og:type\" content=\"article\" \/>\n<meta property=\"og:title\" content=\"BRING BACK MAINLY MAN - The Meraviglia Magazine\" \/>\n<meta property=\"og:description\" content=\"Les hommes ne veulent plus \u00eatre des hommes: BBMMan r\u00e9v\u00e8le la toxicit\u00e9 de la masculinit\u00e9 et invite \u00e0 la r\u00e9flexion et au changement.\" \/>\n<meta property=\"og:url\" content=\"https:\/\/themeravigliamagazine.com\/fr\/ramenez-les-hommes-virils\/\" \/>\n<meta property=\"og:site_name\" content=\"The Meraviglia Magazine\" \/>\n<meta property=\"article:publisher\" content=\"https:\/\/www.facebook.com\/themeraviglia\" \/>\n<meta property=\"article:published_time\" content=\"2024-05-12T08:19:00+00:00\" \/>\n<meta property=\"article:modified_time\" content=\"2024-06-10T15:18:31+00:00\" \/>\n<meta property=\"og:image\" content=\"https:\/\/themeravigliamagazine.com\/wp-content\/uploads\/2024\/05\/cover-jo.jpg\" \/>\n\t<meta property=\"og:image:width\" content=\"725\" \/>\n\t<meta property=\"og:image:height\" content=\"920\" \/>\n\t<meta property=\"og:image:type\" content=\"image\/jpeg\" \/>\n<meta name=\"author\" content=\"q q\" \/>\n<meta name=\"twitter:card\" content=\"summary_large_image\" \/>\n<meta name=\"twitter:label1\" content=\"\u00c9crit par\" \/>\n\t<meta name=\"twitter:data1\" content=\"q q\" \/>\n\t<meta name=\"twitter:label2\" content=\"Dur\u00e9e de lecture estim\u00e9e\" \/>\n\t<meta name=\"twitter:data2\" content=\"7 minutes\" \/>\n<script type=\"application\/ld+json\" class=\"yoast-schema-graph\">{\"@context\":\"https:\/\/schema.org\",\"@graph\":[{\"@type\":\"Article\",\"@id\":\"https:\/\/themeravigliamagazine.com\/fr\/ramenez-les-hommes-virils\/#article\",\"isPartOf\":{\"@id\":\"https:\/\/themeravigliamagazine.com\/fr\/ramenez-les-hommes-virils\/\"},\"author\":{\"name\":\"q q\",\"@id\":\"https:\/\/themeravigliamagazine.com\/#\/schema\/person\/881c11bb872923c96c8350777d3ee1a3\"},\"headline\":\"BRING BACK MAINLY MAN\",\"datePublished\":\"2024-05-12T08:19:00+00:00\",\"dateModified\":\"2024-06-10T15:18:31+00:00\",\"mainEntityOfPage\":{\"@id\":\"https:\/\/themeravigliamagazine.com\/fr\/ramenez-les-hommes-virils\/\"},\"wordCount\":1315,\"publisher\":{\"@id\":\"https:\/\/themeravigliamagazine.com\/#organization\"},\"image\":{\"@id\":\"https:\/\/themeravigliamagazine.com\/fr\/ramenez-les-hommes-virils\/#primaryimage\"},\"thumbnailUrl\":\"https:\/\/themeravigliamagazine.com\/wp-content\/uploads\/2024\/05\/cover-jo.jpg\",\"articleSection\":[\"Sguardi\"],\"inLanguage\":\"fr-FR\"},{\"@type\":\"WebPage\",\"@id\":\"https:\/\/themeravigliamagazine.com\/fr\/ramenez-les-hommes-virils\/\",\"url\":\"https:\/\/themeravigliamagazine.com\/fr\/ramenez-les-hommes-virils\/\",\"name\":\"BRING BACK MAINLY MAN - The Meraviglia Magazine\",\"isPartOf\":{\"@id\":\"https:\/\/themeravigliamagazine.com\/#website\"},\"primaryImageOfPage\":{\"@id\":\"https:\/\/themeravigliamagazine.com\/fr\/ramenez-les-hommes-virils\/#primaryimage\"},\"image\":{\"@id\":\"https:\/\/themeravigliamagazine.com\/fr\/ramenez-les-hommes-virils\/#primaryimage\"},\"thumbnailUrl\":\"https:\/\/themeravigliamagazine.com\/wp-content\/uploads\/2024\/05\/cover-jo.jpg\",\"datePublished\":\"2024-05-12T08:19:00+00:00\",\"dateModified\":\"2024-06-10T15:18:31+00:00\",\"description\":\"Les hommes ne veulent plus \u00eatre des hommes: BBMMan r\u00e9v\u00e8le la toxicit\u00e9 de la masculinit\u00e9 et invite \u00e0 la r\u00e9flexion et au changement.\",\"breadcrumb\":{\"@id\":\"https:\/\/themeravigliamagazine.com\/fr\/ramenez-les-hommes-virils\/#breadcrumb\"},\"inLanguage\":\"fr-FR\",\"potentialAction\":[{\"@type\":\"ReadAction\",\"target\":[\"https:\/\/themeravigliamagazine.com\/fr\/ramenez-les-hommes-virils\/\"]}]},{\"@type\":\"ImageObject\",\"inLanguage\":\"fr-FR\",\"@id\":\"https:\/\/themeravigliamagazine.com\/fr\/ramenez-les-hommes-virils\/#primaryimage\",\"url\":\"https:\/\/themeravigliamagazine.com\/wp-content\/uploads\/2024\/05\/cover-jo.jpg\",\"contentUrl\":\"https:\/\/themeravigliamagazine.com\/wp-content\/uploads\/2024\/05\/cover-jo.jpg\",\"width\":725,\"height\":920},{\"@type\":\"BreadcrumbList\",\"@id\":\"https:\/\/themeravigliamagazine.com\/fr\/ramenez-les-hommes-virils\/#breadcrumb\",\"itemListElement\":[{\"@type\":\"ListItem\",\"position\":1,\"name\":\"Home\",\"item\":\"https:\/\/themeravigliamagazine.com\/\"},{\"@type\":\"ListItem\",\"position\":2,\"name\":\"BRING BACK MAINLY MAN\"}]},{\"@type\":\"WebSite\",\"@id\":\"https:\/\/themeravigliamagazine.com\/#website\",\"url\":\"https:\/\/themeravigliamagazine.com\/\",\"name\":\"The Meraviglia Magazine\",\"description\":\"\",\"publisher\":{\"@id\":\"https:\/\/themeravigliamagazine.com\/#organization\"},\"potentialAction\":[{\"@type\":\"SearchAction\",\"target\":{\"@type\":\"EntryPoint\",\"urlTemplate\":\"https:\/\/themeravigliamagazine.com\/?s={search_term_string}\"},\"query-input\":{\"@type\":\"PropertyValueSpecification\",\"valueRequired\":true,\"valueName\":\"search_term_string\"}}],\"inLanguage\":\"fr-FR\"},{\"@type\":\"Organization\",\"@id\":\"https:\/\/themeravigliamagazine.com\/#organization\",\"name\":\"The Meraviglia Magazine\",\"url\":\"https:\/\/themeravigliamagazine.com\/\",\"logo\":{\"@type\":\"ImageObject\",\"inLanguage\":\"fr-FR\",\"@id\":\"https:\/\/themeravigliamagazine.com\/#\/schema\/logo\/image\/\",\"url\":\"https:\/\/themeravigliamagazine.com\/wp-content\/uploads\/2025\/03\/Immagine-WhatsApp-2025-03-31-ore-12.32.31_fdf28acd.jpg\",\"contentUrl\":\"https:\/\/themeravigliamagazine.com\/wp-content\/uploads\/2025\/03\/Immagine-WhatsApp-2025-03-31-ore-12.32.31_fdf28acd.jpg\",\"width\":1600,\"height\":621,\"caption\":\"The Meraviglia Magazine\"},\"image\":{\"@id\":\"https:\/\/themeravigliamagazine.com\/#\/schema\/logo\/image\/\"},\"sameAs\":[\"https:\/\/www.facebook.com\/themeraviglia\"]},{\"@type\":\"Person\",\"@id\":\"https:\/\/themeravigliamagazine.com\/#\/schema\/person\/881c11bb872923c96c8350777d3ee1a3\",\"name\":\"q q\",\"image\":{\"@type\":\"ImageObject\",\"inLanguage\":\"fr-FR\",\"@id\":\"https:\/\/themeravigliamagazine.com\/#\/schema\/person\/image\/\",\"url\":\"https:\/\/secure.gravatar.com\/avatar\/703bbe1ce801129bc0d88e2d3bb8ced0?s=96&d=mm&r=g\",\"contentUrl\":\"https:\/\/secure.gravatar.com\/avatar\/703bbe1ce801129bc0d88e2d3bb8ced0?s=96&d=mm&r=g\",\"caption\":\"q q\"}}]}<\/script>\n<!-- \/ Yoast SEO plugin. -->","yoast_head_json":{"title":"BRING BACK MAINLY MAN - The Meraviglia Magazine","description":"Les hommes ne veulent plus \u00eatre des hommes: BBMMan r\u00e9v\u00e8le la toxicit\u00e9 de la masculinit\u00e9 et invite \u00e0 la r\u00e9flexion et au changement.","robots":{"index":"index","follow":"follow","max-snippet":"max-snippet:-1","max-image-preview":"max-image-preview:large","max-video-preview":"max-video-preview:-1"},"canonical":"https:\/\/themeravigliamagazine.com\/fr\/ramenez-les-hommes-virils\/","og_locale":"fr_FR","og_type":"article","og_title":"BRING BACK MAINLY MAN - The Meraviglia Magazine","og_description":"Les hommes ne veulent plus \u00eatre des hommes: BBMMan r\u00e9v\u00e8le la toxicit\u00e9 de la masculinit\u00e9 et invite \u00e0 la r\u00e9flexion et au changement.","og_url":"https:\/\/themeravigliamagazine.com\/fr\/ramenez-les-hommes-virils\/","og_site_name":"The Meraviglia Magazine","article_publisher":"https:\/\/www.facebook.com\/themeraviglia","article_published_time":"2024-05-12T08:19:00+00:00","article_modified_time":"2024-06-10T15:18:31+00:00","og_image":[{"width":725,"height":920,"url":"https:\/\/themeravigliamagazine.com\/wp-content\/uploads\/2024\/05\/cover-jo.jpg","type":"image\/jpeg"}],"author":"q q","twitter_card":"summary_large_image","twitter_misc":{"\u00c9crit par":"q q","Dur\u00e9e de lecture estim\u00e9e":"7 minutes"},"schema":{"@context":"https:\/\/schema.org","@graph":[{"@type":"Article","@id":"https:\/\/themeravigliamagazine.com\/fr\/ramenez-les-hommes-virils\/#article","isPartOf":{"@id":"https:\/\/themeravigliamagazine.com\/fr\/ramenez-les-hommes-virils\/"},"author":{"name":"q q","@id":"https:\/\/themeravigliamagazine.com\/#\/schema\/person\/881c11bb872923c96c8350777d3ee1a3"},"headline":"BRING BACK MAINLY MAN","datePublished":"2024-05-12T08:19:00+00:00","dateModified":"2024-06-10T15:18:31+00:00","mainEntityOfPage":{"@id":"https:\/\/themeravigliamagazine.com\/fr\/ramenez-les-hommes-virils\/"},"wordCount":1315,"publisher":{"@id":"https:\/\/themeravigliamagazine.com\/#organization"},"image":{"@id":"https:\/\/themeravigliamagazine.com\/fr\/ramenez-les-hommes-virils\/#primaryimage"},"thumbnailUrl":"https:\/\/themeravigliamagazine.com\/wp-content\/uploads\/2024\/05\/cover-jo.jpg","articleSection":["Sguardi"],"inLanguage":"fr-FR"},{"@type":"WebPage","@id":"https:\/\/themeravigliamagazine.com\/fr\/ramenez-les-hommes-virils\/","url":"https:\/\/themeravigliamagazine.com\/fr\/ramenez-les-hommes-virils\/","name":"BRING BACK MAINLY MAN - The Meraviglia Magazine","isPartOf":{"@id":"https:\/\/themeravigliamagazine.com\/#website"},"primaryImageOfPage":{"@id":"https:\/\/themeravigliamagazine.com\/fr\/ramenez-les-hommes-virils\/#primaryimage"},"image":{"@id":"https:\/\/themeravigliamagazine.com\/fr\/ramenez-les-hommes-virils\/#primaryimage"},"thumbnailUrl":"https:\/\/themeravigliamagazine.com\/wp-content\/uploads\/2024\/05\/cover-jo.jpg","datePublished":"2024-05-12T08:19:00+00:00","dateModified":"2024-06-10T15:18:31+00:00","description":"Les hommes ne veulent plus \u00eatre des hommes: BBMMan r\u00e9v\u00e8le la toxicit\u00e9 de la masculinit\u00e9 et invite \u00e0 la r\u00e9flexion et au changement.","breadcrumb":{"@id":"https:\/\/themeravigliamagazine.com\/fr\/ramenez-les-hommes-virils\/#breadcrumb"},"inLanguage":"fr-FR","potentialAction":[{"@type":"ReadAction","target":["https:\/\/themeravigliamagazine.com\/fr\/ramenez-les-hommes-virils\/"]}]},{"@type":"ImageObject","inLanguage":"fr-FR","@id":"https:\/\/themeravigliamagazine.com\/fr\/ramenez-les-hommes-virils\/#primaryimage","url":"https:\/\/themeravigliamagazine.com\/wp-content\/uploads\/2024\/05\/cover-jo.jpg","contentUrl":"https:\/\/themeravigliamagazine.com\/wp-content\/uploads\/2024\/05\/cover-jo.jpg","width":725,"height":920},{"@type":"BreadcrumbList","@id":"https:\/\/themeravigliamagazine.com\/fr\/ramenez-les-hommes-virils\/#breadcrumb","itemListElement":[{"@type":"ListItem","position":1,"name":"Home","item":"https:\/\/themeravigliamagazine.com\/"},{"@type":"ListItem","position":2,"name":"BRING BACK MAINLY MAN"}]},{"@type":"WebSite","@id":"https:\/\/themeravigliamagazine.com\/#website","url":"https:\/\/themeravigliamagazine.com\/","name":"The Meraviglia Magazine","description":"","publisher":{"@id":"https:\/\/themeravigliamagazine.com\/#organization"},"potentialAction":[{"@type":"SearchAction","target":{"@type":"EntryPoint","urlTemplate":"https:\/\/themeravigliamagazine.com\/?s={search_term_string}"},"query-input":{"@type":"PropertyValueSpecification","valueRequired":true,"valueName":"search_term_string"}}],"inLanguage":"fr-FR"},{"@type":"Organization","@id":"https:\/\/themeravigliamagazine.com\/#organization","name":"The Meraviglia Magazine","url":"https:\/\/themeravigliamagazine.com\/","logo":{"@type":"ImageObject","inLanguage":"fr-FR","@id":"https:\/\/themeravigliamagazine.com\/#\/schema\/logo\/image\/","url":"https:\/\/themeravigliamagazine.com\/wp-content\/uploads\/2025\/03\/Immagine-WhatsApp-2025-03-31-ore-12.32.31_fdf28acd.jpg","contentUrl":"https:\/\/themeravigliamagazine.com\/wp-content\/uploads\/2025\/03\/Immagine-WhatsApp-2025-03-31-ore-12.32.31_fdf28acd.jpg","width":1600,"height":621,"caption":"The Meraviglia Magazine"},"image":{"@id":"https:\/\/themeravigliamagazine.com\/#\/schema\/logo\/image\/"},"sameAs":["https:\/\/www.facebook.com\/themeraviglia"]},{"@type":"Person","@id":"https:\/\/themeravigliamagazine.com\/#\/schema\/person\/881c11bb872923c96c8350777d3ee1a3","name":"q q","image":{"@type":"ImageObject","inLanguage":"fr-FR","@id":"https:\/\/themeravigliamagazine.com\/#\/schema\/person\/image\/","url":"https:\/\/secure.gravatar.com\/avatar\/703bbe1ce801129bc0d88e2d3bb8ced0?s=96&d=mm&r=g","contentUrl":"https:\/\/secure.gravatar.com\/avatar\/703bbe1ce801129bc0d88e2d3bb8ced0?s=96&d=mm&r=g","caption":"q q"}}]}},"_links":{"self":[{"href":"https:\/\/themeravigliamagazine.com\/fr\/wp-json\/wp\/v2\/posts\/29077","targetHints":{"allow":["GET"]}}],"collection":[{"href":"https:\/\/themeravigliamagazine.com\/fr\/wp-json\/wp\/v2\/posts"}],"about":[{"href":"https:\/\/themeravigliamagazine.com\/fr\/wp-json\/wp\/v2\/types\/post"}],"author":[{"embeddable":true,"href":"https:\/\/themeravigliamagazine.com\/fr\/wp-json\/wp\/v2\/users\/4"}],"replies":[{"embeddable":true,"href":"https:\/\/themeravigliamagazine.com\/fr\/wp-json\/wp\/v2\/comments?post=29077"}],"version-history":[{"count":9,"href":"https:\/\/themeravigliamagazine.com\/fr\/wp-json\/wp\/v2\/posts\/29077\/revisions"}],"predecessor-version":[{"id":29212,"href":"https:\/\/themeravigliamagazine.com\/fr\/wp-json\/wp\/v2\/posts\/29077\/revisions\/29212"}],"wp:featuredmedia":[{"embeddable":true,"href":"https:\/\/themeravigliamagazine.com\/fr\/wp-json\/wp\/v2\/media\/27855"}],"wp:attachment":[{"href":"https:\/\/themeravigliamagazine.com\/fr\/wp-json\/wp\/v2\/media?parent=29077"}],"wp:term":[{"taxonomy":"category","embeddable":true,"href":"https:\/\/themeravigliamagazine.com\/fr\/wp-json\/wp\/v2\/categories?post=29077"},{"taxonomy":"post_tag","embeddable":true,"href":"https:\/\/themeravigliamagazine.com\/fr\/wp-json\/wp\/v2\/tags?post=29077"}],"curies":[{"name":"wp","href":"https:\/\/api.w.org\/{rel}","templated":true}]}}